{"id":1002,"date":"2026-03-13T17:58:38","date_gmt":"2026-03-13T22:58:38","guid":{"rendered":"https:\/\/noticias.virgendenazaret.org.pe\/?p=1002"},"modified":"2026-04-28T17:06:34","modified_gmt":"2026-04-28T22:06:34","slug":"clausura-de-los-talleres-de-verano-capilla-san-cayetano","status":"publish","type":"post","link":"https:\/\/noticias.virgendenazaret.org.pe\/?p=1002","title":{"rendered":"Clausura de los Talleres de Verano \u2013 Capilla San Cayetano"},"content":{"rendered":"<p>&nbsp;<\/p>\n<p><span style=\"font-weight: 400;\">El 8 de marzo se realiz\u00f3 la clausura de los Talleres de Verano en la Capilla San Cayetano, donde ni\u00f1os, adolescentes y j\u00f3venes compartieron con el p\u00fablico y sus familias todo lo aprendido durante estas semanas.<\/span><\/p>\n<p><span style=\"font-weight: 400;\">A trav\u00e9s de los talleres de Matem\u00e1ticas, Historia, Manualidades, Danza, Orientaci\u00f3n Vocacional y M\u00fasica, los participantes demostraron su talento, habilidades y creatividad, fruto del esfuerzo y dedicaci\u00f3n de cada uno de ellos.<\/span><\/p>\n<p><span style=\"font-weight: 400;\">Estos talleres fueron dirigidos por j\u00f3venes coordinadores\u00a0 Milagros Iman y Jair Limachi comprometidos con la comunidad, quienes acompa\u00f1aron y guiaron a los m\u00e1s peque\u00f1os y adolescentes en su crecimiento art\u00edstico e intelectual, fomentando el aprendizaje y el desarrollo de sus talentos.<\/span><\/p>\n","protected":false},"excerpt":{"rendered":"<p>&nbsp; El 8 de marzo se realiz\u00f3 la clausura de los Talleres de Verano en la Capilla San Cayetano, donde ni\u00f1os, adolescentes y j\u00f3venes<\/p>\n","protected":false},"author":3,"featured_media":1063,"comment_status":"open","ping_status":"open","sticky":false,"template":"","format":"image","meta":{"footnotes":""},"categories":[108,104],"tags":[],"class_list":["post-1002","post","type-post","status-publish","format-image","has-post-thumbnail","hentry","category-san-cayetano","category-parroquia","post_format-post-format-image"],"yoast_head":"<!-- This site is optimized with the Yoast SEO plugin v20.6 - https:\/\/yoast.com\/wordpress\/plugins\/seo\/ -->\n<title>Clausura de los Talleres de Verano \u2013 Capilla San Cayetano - Parroquia Virgen de Nazaret El Agustino<\/title>\n<meta name=\"robots\" content=\"index, follow, max-snippet:-1, max-image-preview:large, max-video-preview:-1\" \/>\n<link rel=\"canonical\" href=\"https:\/\/noticias.virgendenazaret.org.pe\/?p=1002\" \/>\n<meta property=\"og:locale\" content=\"es_ES\" \/>\n<meta property=\"og:type\" content=\"article\" \/>\n<meta property=\"og:title\" content=\"Clausura de los Talleres de Verano \u2013 Capilla San Cayetano - Parroquia Virgen de Nazaret El Agustino\" \/>\n<meta property=\"og:description\" content=\"&nbsp; El 8 de marzo se realiz\u00f3 la clausura de los Talleres de Verano en la Capilla San Cayetano, donde ni\u00f1os, adolescentes y j\u00f3venes\" \/>\n<meta property=\"og:url\" content=\"https:\/\/noticias.virgendenazaret.org.pe\/?p=1002\" \/>\n<meta property=\"og:site_name\" content=\"Parroquia Virgen de Nazaret El Agustino\" \/>\n<meta property=\"article:published_time\" content=\"2026-03-13T22:58:38+00:00\" \/>\n<meta property=\"article:modified_time\" content=\"2026-04-28T22:06:34+00:00\" \/>\n<meta property=\"og:image\" content=\"https:\/\/noticias.virgendenazaret.org.pe\/wp-content\/uploads\/2026\/03\/FCV_0267-2-scaled.jpg\" \/>\n\t<meta property=\"og:image:width\" content=\"2560\" \/>\n\t<meta property=\"og:image:height\" content=\"1707\" \/>\n\t<meta property=\"og:image:type\" content=\"image\/jpeg\" \/>\n<meta name=\"author\" content=\"Comunicacioness de Nazaret\" \/>\n<meta name=\"twitter:card\" content=\"summary_large_image\" \/>\n<meta name=\"twitter:label1\" content=\"Escrito por\" \/>\n\t<meta name=\"twitter:data1\" content=\"Comunicacioness de Nazaret\" \/>\n\t<meta name=\"twitter:label2\" content=\"Tiempo de lectura\" \/>\n\t<meta name=\"twitter:data2\" content=\"1 minuto\" \/>\n<script type=\"application\/ld+json\" class=\"yoast-schema-graph\">{\"@context\":\"https:\/\/schema.org\",\"@graph\":[{\"@type\":\"Article\",\"@id\":\"https:\/\/noticias.virgendenazaret.org.pe\/?p=1002#article\",\"isPartOf\":{\"@id\":\"https:\/\/noticias.virgendenazaret.org.pe\/?p=1002\"},\"author\":{\"name\":\"Comunicacioness de Nazaret\",\"@id\":\"https:\/\/noticias.virgendenazaret.org.pe\/#\/schema\/person\/18c7c015924bb1477ffffbbc5146a621\"},\"headline\":\"Clausura de los Talleres de Verano \u2013 Capilla San Cayetano\",\"datePublished\":\"2026-03-13T22:58:38+00:00\",\"dateModified\":\"2026-04-28T22:06:34+00:00\",\"mainEntityOfPage\":{\"@id\":\"https:\/\/noticias.virgendenazaret.org.pe\/?p=1002\"},\"wordCount\":131,\"commentCount\":0,\"publisher\":{\"@id\":\"https:\/\/noticias.virgendenazaret.org.pe\/#organization\"},\"articleSection\":[\"Capilla San Cayetano\",\"Parroquia\"],\"inLanguage\":\"es\",\"potentialAction\":[{\"@type\":\"CommentAction\",\"name\":\"Comment\",\"target\":[\"https:\/\/noticias.virgendenazaret.org.pe\/?p=1002#respond\"]}]},{\"@type\":\"WebPage\",\"@id\":\"https:\/\/noticias.virgendenazaret.org.pe\/?p=1002\",\"url\":\"https:\/\/noticias.virgendenazaret.org.pe\/?p=1002\",\"name\":\"Clausura de los Talleres de Verano \u2013 Capilla San Cayetano - Parroquia Virgen de Nazaret El Agustino\",\"isPartOf\":{\"@id\":\"https:\/\/noticias.virgendenazaret.org.pe\/#website\"},\"datePublished\":\"2026-03-13T22:58:38+00:00\",\"dateModified\":\"2026-04-28T22:06:34+00:00\",\"breadcrumb\":{\"@id\":\"https:\/\/noticias.virgendenazaret.org.pe\/?p=1002#breadcrumb\"},\"inLanguage\":\"es\",\"potentialAction\":[{\"@type\":\"ReadAction\",\"target\":[\"https:\/\/noticias.virgendenazaret.org.pe\/?p=1002\"]}]},{\"@type\":\"BreadcrumbList\",\"@id\":\"https:\/\/noticias.virgendenazaret.org.pe\/?p=1002#breadcrumb\",\"itemListElement\":[{\"@type\":\"ListItem\",\"position\":1,\"name\":\"Portada\",\"item\":\"https:\/\/noticias.virgendenazaret.org.pe\/\"},{\"@type\":\"ListItem\",\"position\":2,\"name\":\"Clausura de los Talleres de Verano \u2013 Capilla San Cayetano\"}]},{\"@type\":\"WebSite\",\"@id\":\"https:\/\/noticias.virgendenazaret.org.pe\/#website\",\"url\":\"https:\/\/noticias.virgendenazaret.org.pe\/\",\"name\":\"Parroquia Virgen de Nazaret El Agustino\",\"description\":\"Parroquia Virgen de Nazaret El Agustino\",\"publisher\":{\"@id\":\"https:\/\/noticias.virgendenazaret.org.pe\/#organization\"},\"potentialAction\":[{\"@type\":\"SearchAction\",\"target\":{\"@type\":\"EntryPoint\",\"urlTemplate\":\"https:\/\/noticias.virgendenazaret.org.pe\/?s={search_term_string}\"},\"query-input\":\"required name=search_term_string\"}],\"inLanguage\":\"es\"},{\"@type\":\"Organization\",\"@id\":\"https:\/\/noticias.virgendenazaret.org.pe\/#organization\",\"name\":\"Parroquia Virgen de Nazaret El Agustino\",\"url\":\"https:\/\/noticias.virgendenazaret.org.pe\/\",\"logo\":{\"@type\":\"ImageObject\",\"inLanguage\":\"es\",\"@id\":\"https:\/\/noticias.virgendenazaret.org.pe\/#\/schema\/logo\/image\/\",\"url\":\"https:\/\/noticias.virgendenazaret.org.pe\/wp-content\/uploads\/2023\/04\/cropped-logo-fondo-blanco.jpg\",\"contentUrl\":\"https:\/\/noticias.virgendenazaret.org.pe\/wp-content\/uploads\/2023\/04\/cropped-logo-fondo-blanco.jpg\",\"width\":250,\"height\":93,\"caption\":\"Parroquia Virgen de Nazaret El Agustino\"},\"image\":{\"@id\":\"https:\/\/noticias.virgendenazaret.org.pe\/#\/schema\/logo\/image\/\"}},{\"@type\":\"Person\",\"@id\":\"https:\/\/noticias.virgendenazaret.org.pe\/#\/schema\/person\/18c7c015924bb1477ffffbbc5146a621\",\"name\":\"Comunicacioness de Nazaret\",\"image\":{\"@type\":\"ImageObject\",\"inLanguage\":\"es\",\"@id\":\"https:\/\/noticias.virgendenazaret.org.pe\/#\/schema\/person\/image\/\",\"url\":\"https:\/\/secure.gravatar.com\/avatar\/74a239a961fa2c28634f483c83b27b4bbc27e71ed689ac98410e6072530e5f4c?s=96&d=mm&r=g\",\"contentUrl\":\"https:\/\/secure.gravatar.com\/avatar\/74a239a961fa2c28634f483c83b27b4bbc27e71ed689ac98410e6072530e5f4c?s=96&d=mm&r=g\",\"caption\":\"Comunicacioness de Nazaret\"},\"url\":\"https:\/\/noticias.virgendenazaret.org.pe\/?author=3\"}]}<\/script>\n<!-- \/ Yoast SEO plugin. -->","yoast_head_json":{"title":"Clausura de los Talleres de Verano \u2013 Capilla San Cayetano - Parroquia Virgen de Nazaret El Agustino","robots":{"index":"index","follow":"follow","max-snippet":"max-snippet:-1","max-image-preview":"max-image-preview:large","max-video-preview":"max-video-preview:-1"},"canonical":"https:\/\/noticias.virgendenazaret.org.pe\/?p=1002","og_locale":"es_ES","og_type":"article","og_title":"Clausura de los Talleres de Verano \u2013 Capilla San Cayetano - Parroquia Virgen de Nazaret El Agustino","og_description":"&nbsp; El 8 de marzo se realiz\u00f3 la clausura de los Talleres de Verano en la Capilla San Cayetano, donde ni\u00f1os, adolescentes y j\u00f3venes","og_url":"https:\/\/noticias.virgendenazaret.org.pe\/?p=1002","og_site_name":"Parroquia Virgen de Nazaret El Agustino","article_published_time":"2026-03-13T22:58:38+00:00","article_modified_time":"2026-04-28T22:06:34+00:00","og_image":[{"width":2560,"height":1707,"url":"https:\/\/noticias.virgendenazaret.org.pe\/wp-content\/uploads\/2026\/03\/FCV_0267-2-scaled.jpg","type":"image\/jpeg"}],"author":"Comunicacioness de Nazaret","twitter_card":"summary_large_image","twitter_misc":{"Escrito por":"Comunicacioness de Nazaret","Tiempo de lectura":"1 minuto"},"schema":{"@context":"https:\/\/schema.org","@graph":[{"@type":"Article","@id":"https:\/\/noticias.virgendenazaret.org.pe\/?p=1002#article","isPartOf":{"@id":"https:\/\/noticias.virgendenazaret.org.pe\/?p=1002"},"author":{"name":"Comunicacioness de Nazaret","@id":"https:\/\/noticias.virgendenazaret.org.pe\/#\/schema\/person\/18c7c015924bb1477ffffbbc5146a621"},"headline":"Clausura de los Talleres de Verano \u2013 Capilla San Cayetano","datePublished":"2026-03-13T22:58:38+00:00","dateModified":"2026-04-28T22:06:34+00:00","mainEntityOfPage":{"@id":"https:\/\/noticias.virgendenazaret.org.pe\/?p=1002"},"wordCount":131,"commentCount":0,"publisher":{"@id":"https:\/\/noticias.virgendenazaret.org.pe\/#organization"},"articleSection":["Capilla San Cayetano","Parroquia"],"inLanguage":"es","potentialAction":[{"@type":"CommentAction","name":"Comment","target":["https:\/\/noticias.virgendenazaret.org.pe\/?p=1002#respond"]}]},{"@type":"WebPage","@id":"https:\/\/noticias.virgendenazaret.org.pe\/?p=1002","url":"https:\/\/noticias.virgendenazaret.org.pe\/?p=1002","name":"Clausura de los Talleres de Verano \u2013 Capilla San Cayetano - Parroquia Virgen de Nazaret El Agustino","isPartOf":{"@id":"https:\/\/noticias.virgendenazaret.org.pe\/#website"},"datePublished":"2026-03-13T22:58:38+00:00","dateModified":"2026-04-28T22:06:34+00:00","breadcrumb":{"@id":"https:\/\/noticias.virgendenazaret.org.pe\/?p=1002#breadcrumb"},"inLanguage":"es","potentialAction":[{"@type":"ReadAction","target":["https:\/\/noticias.virgendenazaret.org.pe\/?p=1002"]}]},{"@type":"BreadcrumbList","@id":"https:\/\/noticias.virgendenazaret.org.pe\/?p=1002#breadcrumb","itemListElement":[{"@type":"ListItem","position":1,"name":"Portada","item":"https:\/\/noticias.virgendenazaret.org.pe\/"},{"@type":"ListItem","position":2,"name":"Clausura de los Talleres de Verano \u2013 Capilla San Cayetano"}]},{"@type":"WebSite","@id":"https:\/\/noticias.virgendenazaret.org.pe\/#website","url":"https:\/\/noticias.virgendenazaret.org.pe\/","name":"Parroquia Virgen de Nazaret El Agustino","description":"Parroquia Virgen de Nazaret El Agustino","publisher":{"@id":"https:\/\/noticias.virgendenazaret.org.pe\/#organization"},"potentialAction":[{"@type":"SearchAction","target":{"@type":"EntryPoint","urlTemplate":"https:\/\/noticias.virgendenazaret.org.pe\/?s={search_term_string}"},"query-input":"required name=search_term_string"}],"inLanguage":"es"},{"@type":"Organization","@id":"https:\/\/noticias.virgendenazaret.org.pe\/#organization","name":"Parroquia Virgen de Nazaret El Agustino","url":"https:\/\/noticias.virgendenazaret.org.pe\/","logo":{"@type":"ImageObject","inLanguage":"es","@id":"https:\/\/noticias.virgendenazaret.org.pe\/#\/schema\/logo\/image\/","url":"https:\/\/noticias.virgendenazaret.org.pe\/wp-content\/uploads\/2023\/04\/cropped-logo-fondo-blanco.jpg","contentUrl":"https:\/\/noticias.virgendenazaret.org.pe\/wp-content\/uploads\/2023\/04\/cropped-logo-fondo-blanco.jpg","width":250,"height":93,"caption":"Parroquia Virgen de Nazaret El Agustino"},"image":{"@id":"https:\/\/noticias.virgendenazaret.org.pe\/#\/schema\/logo\/image\/"}},{"@type":"Person","@id":"https:\/\/noticias.virgendenazaret.org.pe\/#\/schema\/person\/18c7c015924bb1477ffffbbc5146a621","name":"Comunicacioness de Nazaret","image":{"@type":"ImageObject","inLanguage":"es","@id":"https:\/\/noticias.virgendenazaret.org.pe\/#\/schema\/person\/image\/","url":"https:\/\/secure.gravatar.com\/avatar\/74a239a961fa2c28634f483c83b27b4bbc27e71ed689ac98410e6072530e5f4c?s=96&d=mm&r=g","contentUrl":"https:\/\/secure.gravatar.com\/avatar\/74a239a961fa2c28634f483c83b27b4bbc27e71ed689ac98410e6072530e5f4c?s=96&d=mm&r=g","caption":"Comunicacioness de Nazaret"},"url":"https:\/\/noticias.virgendenazaret.org.pe\/?author=3"}]}},"_links":{"self":[{"href":"https:\/\/noticias.virgendenazaret.org.pe\/index.php?rest_route=\/wp\/v2\/posts\/1002","targetHints":{"allow":["GET"]}}],"collection":[{"href":"https:\/\/noticias.virgendenazaret.org.pe\/index.php?rest_route=\/wp\/v2\/posts"}],"about":[{"href":"https:\/\/noticias.virgendenazaret.org.pe\/index.php?rest_route=\/wp\/v2\/types\/post"}],"author":[{"embeddable":true,"href":"https:\/\/noticias.virgendenazaret.org.pe\/index.php?rest_route=\/wp\/v2\/users\/3"}],"replies":[{"embeddable":true,"href":"https:\/\/noticias.virgendenazaret.org.pe\/index.php?rest_route=%2Fwp%2Fv2%2Fcomments&post=1002"}],"version-history":[{"count":1,"href":"https:\/\/noticias.virgendenazaret.org.pe\/index.php?rest_route=\/wp\/v2\/posts\/1002\/revisions"}],"predecessor-version":[{"id":1009,"href":"https:\/\/noticias.virgendenazaret.org.pe\/index.php?rest_route=\/wp\/v2\/posts\/1002\/revisions\/1009"}],"wp:featuredmedia":[{"embeddable":true,"href":"https:\/\/noticias.virgendenazaret.org.pe\/index.php?rest_route=\/wp\/v2\/media\/1063"}],"wp:attachment":[{"href":"https:\/\/noticias.virgendenazaret.org.pe\/index.php?rest_route=%2Fwp%2Fv2%2Fmedia&parent=1002"}],"wp:term":[{"taxonomy":"category","embeddable":true,"href":"https:\/\/noticias.virgendenazaret.org.pe\/index.php?rest_route=%2Fwp%2Fv2%2Fcategories&post=1002"},{"taxonomy":"post_tag","embeddable":true,"href":"https:\/\/noticias.virgendenazaret.org.pe\/index.php?rest_route=%2Fwp%2Fv2%2Ftags&post=1002"}],"curies":[{"name":"wp","href":"https:\/\/api.w.org\/{rel}","templated":true}]}}