{"id":1012,"date":"2026-03-18T15:19:01","date_gmt":"2026-03-18T20:19:01","guid":{"rendered":"https:\/\/noticias.virgendenazaret.org.pe\/?p=1012"},"modified":"2026-04-28T16:52:51","modified_gmt":"2026-04-28T21:52:51","slug":"catequistas-recibieron-la-charla-construccion-de-espacios-seguros-protocolo-de-prevencion-y-limites-sanos-en-la-iglesia-por-el-instituto-de-proteccion-al-menor-y-personas-vulnerables","status":"publish","type":"post","link":"https:\/\/noticias.virgendenazaret.org.pe\/?p=1012","title":{"rendered":"Catequistas recibieron charla \u00abConstrucci\u00f3n de espacios seguros : protocolo de prevenci\u00f3n y l\u00edmites  sanos en la iglesia\u00bb"},"content":{"rendered":"<p><span style=\"font-weight: 400;\">Como parte de la formaci\u00f3n de nuestros\u00a0 futuros catequistas del presente a\u00f1o que acompa\u00f1ar\u00e1n y guiar\u00e1n nuestras catequesis de Primera Comuni\u00f3n y Confirmaci\u00f3n, el domingo 15 de marzo se desarroll\u00f3 la charla <\/span><b><i>\u00a0\u201c<\/i><\/b><i><span style=\"font-weight: 400;\">Construcci\u00f3n de espacios seguros : protocolo de prevenci\u00f3n y l\u00edmites sanos en la iglesia<\/span><\/i><i><span style=\"font-weight: 400;\">\u201d a <\/span><\/i><span style=\"font-weight: 400;\">cargo de la psic\u00f3loga del Instituto de Protecci\u00f3n al menor y personas vulnerables (IPMEP)\u00a0 Jessica Acosta Cantuarias , de la Universidad Antonio Ruiz de Montoya.<\/span><\/p>\n<p>&nbsp;<\/p>\n<p><span style=\"font-weight: 400;\">Inicialmente vieron\u00a0 temas previos sobre c\u00f3mo abordar los conflictos y posterior a ello\u00a0 sobre el conocimiento de factores de riesgo y de protecci\u00f3n \u00a0 en situaciones de vulnerabilidad que puedan darse en cualquier entorno , en este caso en la parroquia enfocado al trato con ni\u00f1os , adolescentes y j\u00f3venes.<\/span><\/p>\n<p>&nbsp;<\/p>\n<p><span style=\"font-weight: 400;\">Los m\u00e1s de 35 catequistas desarrollaron sus capacidades de trabajo en equipo , participaci\u00f3n y reflexi\u00f3n sobre los puntos tratados. Compartieron testimonios , estudiaron casos ,\u00a0 resolvieron sus dudas\u00a0 y\u00a0 al finalizar se les entreg\u00f3 unas hojitas a manera de compromiso sobre el c\u00f3digo de conducta.<\/span><\/p>\n<p>&nbsp;<\/p>\n<p><span style=\"font-weight: 400;\">En conjunto tambi\u00e9n para que nuestra parroquia sea un espacio sano y seguro manejamos el protocolo para los MAV. (Menores y adultos en vulnerabilidad). Este se define en tres dimensiones: la sensibilizaci\u00f3n, la prevenci\u00f3n y la gesti\u00f3n de denuncias. Y se complementa con lo aprendido con la psic\u00f3loga Jessica Acosta.<\/span><\/p>\n<p><span style=\"font-weight: 400;\">Como parroquia asumimos la responsabilidad de proteger a todos los MAV, y evitar, de este modo en nuestras acciones cualquier tipo de ambig\u00fcedades o descuidos con relaci\u00f3n a los l\u00edmites que debemos guardar .<\/span><\/p>\n","protected":false},"excerpt":{"rendered":"<p>Como parte de la formaci\u00f3n de nuestros\u00a0 futuros catequistas del presente a\u00f1o que acompa\u00f1ar\u00e1n y guiar\u00e1n nuestras catequesis de Primera Comuni\u00f3n y Confirmaci\u00f3n, el<\/p>\n","protected":false},"author":3,"featured_media":1062,"comment_status":"open","ping_status":"open","sticky":false,"template":"","format":"image","meta":{"footnotes":""},"categories":[106],"tags":[],"class_list":["post-1012","post","type-post","status-publish","format-image","has-post-thumbnail","hentry","category-pastoral-juvenil","post_format-post-format-image"],"yoast_head":"<!-- This site is optimized with the Yoast SEO plugin v20.6 - https:\/\/yoast.com\/wordpress\/plugins\/seo\/ -->\n<title>Catequistas recibieron charla &quot;Construcci\u00f3n de espacios seguros : protocolo de prevenci\u00f3n y l\u00edmites sanos en la iglesia&quot; - Parroquia Virgen de Nazaret El Agustino<\/title>\n<meta name=\"robots\" content=\"index, follow, max-snippet:-1, max-image-preview:large, max-video-preview:-1\" \/>\n<link rel=\"canonical\" href=\"https:\/\/noticias.virgendenazaret.org.pe\/?p=1012\" \/>\n<meta property=\"og:locale\" content=\"es_ES\" \/>\n<meta property=\"og:type\" content=\"article\" \/>\n<meta property=\"og:title\" content=\"Catequistas recibieron charla &quot;Construcci\u00f3n de espacios seguros : protocolo de prevenci\u00f3n y l\u00edmites sanos en la iglesia&quot; - Parroquia Virgen de Nazaret El Agustino\" \/>\n<meta property=\"og:description\" content=\"Como parte de la formaci\u00f3n de nuestros\u00a0 futuros catequistas del presente a\u00f1o que acompa\u00f1ar\u00e1n y guiar\u00e1n nuestras catequesis de Primera Comuni\u00f3n y Confirmaci\u00f3n, el\" \/>\n<meta property=\"og:url\" content=\"https:\/\/noticias.virgendenazaret.org.pe\/?p=1012\" \/>\n<meta property=\"og:site_name\" content=\"Parroquia Virgen de Nazaret El Agustino\" \/>\n<meta property=\"article:published_time\" content=\"2026-03-18T20:19:01+00:00\" \/>\n<meta property=\"article:modified_time\" content=\"2026-04-28T21:52:51+00:00\" \/>\n<meta property=\"og:image\" content=\"https:\/\/noticias.virgendenazaret.org.pe\/wp-content\/uploads\/2026\/03\/FCV_0188-scaled.jpg\" \/>\n\t<meta property=\"og:image:width\" content=\"2560\" \/>\n\t<meta property=\"og:image:height\" content=\"1707\" \/>\n\t<meta property=\"og:image:type\" content=\"image\/jpeg\" \/>\n<meta name=\"author\" content=\"Comunicacioness de Nazaret\" \/>\n<meta name=\"twitter:card\" content=\"summary_large_image\" \/>\n<meta name=\"twitter:label1\" content=\"Escrito por\" \/>\n\t<meta name=\"twitter:data1\" content=\"Comunicacioness de Nazaret\" \/>\n\t<meta name=\"twitter:label2\" content=\"Tiempo de lectura\" \/>\n\t<meta name=\"twitter:data2\" content=\"2 minutos\" \/>\n<script type=\"application\/ld+json\" class=\"yoast-schema-graph\">{\"@context\":\"https:\/\/schema.org\",\"@graph\":[{\"@type\":\"Article\",\"@id\":\"https:\/\/noticias.virgendenazaret.org.pe\/?p=1012#article\",\"isPartOf\":{\"@id\":\"https:\/\/noticias.virgendenazaret.org.pe\/?p=1012\"},\"author\":{\"name\":\"Comunicacioness de Nazaret\",\"@id\":\"https:\/\/noticias.virgendenazaret.org.pe\/#\/schema\/person\/18c7c015924bb1477ffffbbc5146a621\"},\"headline\":\"Catequistas recibieron charla \u00abConstrucci\u00f3n de espacios seguros : protocolo de prevenci\u00f3n y l\u00edmites sanos en la iglesia\u00bb\",\"datePublished\":\"2026-03-18T20:19:01+00:00\",\"dateModified\":\"2026-04-28T21:52:51+00:00\",\"mainEntityOfPage\":{\"@id\":\"https:\/\/noticias.virgendenazaret.org.pe\/?p=1012\"},\"wordCount\":291,\"commentCount\":0,\"publisher\":{\"@id\":\"https:\/\/noticias.virgendenazaret.org.pe\/#organization\"},\"articleSection\":[\"Pastoral Juvenil\"],\"inLanguage\":\"es\",\"potentialAction\":[{\"@type\":\"CommentAction\",\"name\":\"Comment\",\"target\":[\"https:\/\/noticias.virgendenazaret.org.pe\/?p=1012#respond\"]}]},{\"@type\":\"WebPage\",\"@id\":\"https:\/\/noticias.virgendenazaret.org.pe\/?p=1012\",\"url\":\"https:\/\/noticias.virgendenazaret.org.pe\/?p=1012\",\"name\":\"Catequistas recibieron charla \\\"Construcci\u00f3n de espacios seguros : protocolo de prevenci\u00f3n y l\u00edmites sanos en la iglesia\\\" - Parroquia Virgen de Nazaret El Agustino\",\"isPartOf\":{\"@id\":\"https:\/\/noticias.virgendenazaret.org.pe\/#website\"},\"datePublished\":\"2026-03-18T20:19:01+00:00\",\"dateModified\":\"2026-04-28T21:52:51+00:00\",\"breadcrumb\":{\"@id\":\"https:\/\/noticias.virgendenazaret.org.pe\/?p=1012#breadcrumb\"},\"inLanguage\":\"es\",\"potentialAction\":[{\"@type\":\"ReadAction\",\"target\":[\"https:\/\/noticias.virgendenazaret.org.pe\/?p=1012\"]}]},{\"@type\":\"BreadcrumbList\",\"@id\":\"https:\/\/noticias.virgendenazaret.org.pe\/?p=1012#breadcrumb\",\"itemListElement\":[{\"@type\":\"ListItem\",\"position\":1,\"name\":\"Portada\",\"item\":\"https:\/\/noticias.virgendenazaret.org.pe\/\"},{\"@type\":\"ListItem\",\"position\":2,\"name\":\"Catequistas recibieron charla \u00abConstrucci\u00f3n de espacios seguros : protocolo de prevenci\u00f3n y l\u00edmites sanos en la iglesia\u00bb\"}]},{\"@type\":\"WebSite\",\"@id\":\"https:\/\/noticias.virgendenazaret.org.pe\/#website\",\"url\":\"https:\/\/noticias.virgendenazaret.org.pe\/\",\"name\":\"Parroquia Virgen de Nazaret El Agustino\",\"description\":\"Parroquia Virgen de Nazaret El Agustino\",\"publisher\":{\"@id\":\"https:\/\/noticias.virgendenazaret.org.pe\/#organization\"},\"potentialAction\":[{\"@type\":\"SearchAction\",\"target\":{\"@type\":\"EntryPoint\",\"urlTemplate\":\"https:\/\/noticias.virgendenazaret.org.pe\/?s={search_term_string}\"},\"query-input\":\"required name=search_term_string\"}],\"inLanguage\":\"es\"},{\"@type\":\"Organization\",\"@id\":\"https:\/\/noticias.virgendenazaret.org.pe\/#organization\",\"name\":\"Parroquia Virgen de Nazaret El Agustino\",\"url\":\"https:\/\/noticias.virgendenazaret.org.pe\/\",\"logo\":{\"@type\":\"ImageObject\",\"inLanguage\":\"es\",\"@id\":\"https:\/\/noticias.virgendenazaret.org.pe\/#\/schema\/logo\/image\/\",\"url\":\"https:\/\/noticias.virgendenazaret.org.pe\/wp-content\/uploads\/2023\/04\/cropped-logo-fondo-blanco.jpg\",\"contentUrl\":\"https:\/\/noticias.virgendenazaret.org.pe\/wp-content\/uploads\/2023\/04\/cropped-logo-fondo-blanco.jpg\",\"width\":250,\"height\":93,\"caption\":\"Parroquia Virgen de Nazaret El Agustino\"},\"image\":{\"@id\":\"https:\/\/noticias.virgendenazaret.org.pe\/#\/schema\/logo\/image\/\"}},{\"@type\":\"Person\",\"@id\":\"https:\/\/noticias.virgendenazaret.org.pe\/#\/schema\/person\/18c7c015924bb1477ffffbbc5146a621\",\"name\":\"Comunicacioness de Nazaret\",\"image\":{\"@type\":\"ImageObject\",\"inLanguage\":\"es\",\"@id\":\"https:\/\/noticias.virgendenazaret.org.pe\/#\/schema\/person\/image\/\",\"url\":\"https:\/\/secure.gravatar.com\/avatar\/74a239a961fa2c28634f483c83b27b4bbc27e71ed689ac98410e6072530e5f4c?s=96&d=mm&r=g\",\"contentUrl\":\"https:\/\/secure.gravatar.com\/avatar\/74a239a961fa2c28634f483c83b27b4bbc27e71ed689ac98410e6072530e5f4c?s=96&d=mm&r=g\",\"caption\":\"Comunicacioness de Nazaret\"},\"url\":\"https:\/\/noticias.virgendenazaret.org.pe\/?author=3\"}]}<\/script>\n<!-- \/ Yoast SEO plugin. -->","yoast_head_json":{"title":"Catequistas recibieron charla \"Construcci\u00f3n de espacios seguros : protocolo de prevenci\u00f3n y l\u00edmites sanos en la iglesia\" - Parroquia Virgen de Nazaret El Agustino","robots":{"index":"index","follow":"follow","max-snippet":"max-snippet:-1","max-image-preview":"max-image-preview:large","max-video-preview":"max-video-preview:-1"},"canonical":"https:\/\/noticias.virgendenazaret.org.pe\/?p=1012","og_locale":"es_ES","og_type":"article","og_title":"Catequistas recibieron charla \"Construcci\u00f3n de espacios seguros : protocolo de prevenci\u00f3n y l\u00edmites sanos en la iglesia\" - Parroquia Virgen de Nazaret El Agustino","og_description":"Como parte de la formaci\u00f3n de nuestros\u00a0 futuros catequistas del presente a\u00f1o que acompa\u00f1ar\u00e1n y guiar\u00e1n nuestras catequesis de Primera Comuni\u00f3n y Confirmaci\u00f3n, el","og_url":"https:\/\/noticias.virgendenazaret.org.pe\/?p=1012","og_site_name":"Parroquia Virgen de Nazaret El Agustino","article_published_time":"2026-03-18T20:19:01+00:00","article_modified_time":"2026-04-28T21:52:51+00:00","og_image":[{"width":2560,"height":1707,"url":"https:\/\/noticias.virgendenazaret.org.pe\/wp-content\/uploads\/2026\/03\/FCV_0188-scaled.jpg","type":"image\/jpeg"}],"author":"Comunicacioness de Nazaret","twitter_card":"summary_large_image","twitter_misc":{"Escrito por":"Comunicacioness de Nazaret","Tiempo de lectura":"2 minutos"},"schema":{"@context":"https:\/\/schema.org","@graph":[{"@type":"Article","@id":"https:\/\/noticias.virgendenazaret.org.pe\/?p=1012#article","isPartOf":{"@id":"https:\/\/noticias.virgendenazaret.org.pe\/?p=1012"},"author":{"name":"Comunicacioness de Nazaret","@id":"https:\/\/noticias.virgendenazaret.org.pe\/#\/schema\/person\/18c7c015924bb1477ffffbbc5146a621"},"headline":"Catequistas recibieron charla \u00abConstrucci\u00f3n de espacios seguros : protocolo de prevenci\u00f3n y l\u00edmites sanos en la iglesia\u00bb","datePublished":"2026-03-18T20:19:01+00:00","dateModified":"2026-04-28T21:52:51+00:00","mainEntityOfPage":{"@id":"https:\/\/noticias.virgendenazaret.org.pe\/?p=1012"},"wordCount":291,"commentCount":0,"publisher":{"@id":"https:\/\/noticias.virgendenazaret.org.pe\/#organization"},"articleSection":["Pastoral Juvenil"],"inLanguage":"es","potentialAction":[{"@type":"CommentAction","name":"Comment","target":["https:\/\/noticias.virgendenazaret.org.pe\/?p=1012#respond"]}]},{"@type":"WebPage","@id":"https:\/\/noticias.virgendenazaret.org.pe\/?p=1012","url":"https:\/\/noticias.virgendenazaret.org.pe\/?p=1012","name":"Catequistas recibieron charla \"Construcci\u00f3n de espacios seguros : protocolo de prevenci\u00f3n y l\u00edmites sanos en la iglesia\" - Parroquia Virgen de Nazaret El Agustino","isPartOf":{"@id":"https:\/\/noticias.virgendenazaret.org.pe\/#website"},"datePublished":"2026-03-18T20:19:01+00:00","dateModified":"2026-04-28T21:52:51+00:00","breadcrumb":{"@id":"https:\/\/noticias.virgendenazaret.org.pe\/?p=1012#breadcrumb"},"inLanguage":"es","potentialAction":[{"@type":"ReadAction","target":["https:\/\/noticias.virgendenazaret.org.pe\/?p=1012"]}]},{"@type":"BreadcrumbList","@id":"https:\/\/noticias.virgendenazaret.org.pe\/?p=1012#breadcrumb","itemListElement":[{"@type":"ListItem","position":1,"name":"Portada","item":"https:\/\/noticias.virgendenazaret.org.pe\/"},{"@type":"ListItem","position":2,"name":"Catequistas recibieron charla \u00abConstrucci\u00f3n de espacios seguros : protocolo de prevenci\u00f3n y l\u00edmites sanos en la iglesia\u00bb"}]},{"@type":"WebSite","@id":"https:\/\/noticias.virgendenazaret.org.pe\/#website","url":"https:\/\/noticias.virgendenazaret.org.pe\/","name":"Parroquia Virgen de Nazaret El Agustino","description":"Parroquia Virgen de Nazaret El Agustino","publisher":{"@id":"https:\/\/noticias.virgendenazaret.org.pe\/#organization"},"potentialAction":[{"@type":"SearchAction","target":{"@type":"EntryPoint","urlTemplate":"https:\/\/noticias.virgendenazaret.org.pe\/?s={search_term_string}"},"query-input":"required name=search_term_string"}],"inLanguage":"es"},{"@type":"Organization","@id":"https:\/\/noticias.virgendenazaret.org.pe\/#organization","name":"Parroquia Virgen de Nazaret El Agustino","url":"https:\/\/noticias.virgendenazaret.org.pe\/","logo":{"@type":"ImageObject","inLanguage":"es","@id":"https:\/\/noticias.virgendenazaret.org.pe\/#\/schema\/logo\/image\/","url":"https:\/\/noticias.virgendenazaret.org.pe\/wp-content\/uploads\/2023\/04\/cropped-logo-fondo-blanco.jpg","contentUrl":"https:\/\/noticias.virgendenazaret.org.pe\/wp-content\/uploads\/2023\/04\/cropped-logo-fondo-blanco.jpg","width":250,"height":93,"caption":"Parroquia Virgen de Nazaret El Agustino"},"image":{"@id":"https:\/\/noticias.virgendenazaret.org.pe\/#\/schema\/logo\/image\/"}},{"@type":"Person","@id":"https:\/\/noticias.virgendenazaret.org.pe\/#\/schema\/person\/18c7c015924bb1477ffffbbc5146a621","name":"Comunicacioness de Nazaret","image":{"@type":"ImageObject","inLanguage":"es","@id":"https:\/\/noticias.virgendenazaret.org.pe\/#\/schema\/person\/image\/","url":"https:\/\/secure.gravatar.com\/avatar\/74a239a961fa2c28634f483c83b27b4bbc27e71ed689ac98410e6072530e5f4c?s=96&d=mm&r=g","contentUrl":"https:\/\/secure.gravatar.com\/avatar\/74a239a961fa2c28634f483c83b27b4bbc27e71ed689ac98410e6072530e5f4c?s=96&d=mm&r=g","caption":"Comunicacioness de Nazaret"},"url":"https:\/\/noticias.virgendenazaret.org.pe\/?author=3"}]}},"_links":{"self":[{"href":"https:\/\/noticias.virgendenazaret.org.pe\/index.php?rest_route=\/wp\/v2\/posts\/1012","targetHints":{"allow":["GET"]}}],"collection":[{"href":"https:\/\/noticias.virgendenazaret.org.pe\/index.php?rest_route=\/wp\/v2\/posts"}],"about":[{"href":"https:\/\/noticias.virgendenazaret.org.pe\/index.php?rest_route=\/wp\/v2\/types\/post"}],"author":[{"embeddable":true,"href":"https:\/\/noticias.virgendenazaret.org.pe\/index.php?rest_route=\/wp\/v2\/users\/3"}],"replies":[{"embeddable":true,"href":"https:\/\/noticias.virgendenazaret.org.pe\/index.php?rest_route=%2Fwp%2Fv2%2Fcomments&post=1012"}],"version-history":[{"count":4,"href":"https:\/\/noticias.virgendenazaret.org.pe\/index.php?rest_route=\/wp\/v2\/posts\/1012\/revisions"}],"predecessor-version":[{"id":1021,"href":"https:\/\/noticias.virgendenazaret.org.pe\/index.php?rest_route=\/wp\/v2\/posts\/1012\/revisions\/1021"}],"wp:featuredmedia":[{"embeddable":true,"href":"https:\/\/noticias.virgendenazaret.org.pe\/index.php?rest_route=\/wp\/v2\/media\/1062"}],"wp:attachment":[{"href":"https:\/\/noticias.virgendenazaret.org.pe\/index.php?rest_route=%2Fwp%2Fv2%2Fmedia&parent=1012"}],"wp:term":[{"taxonomy":"category","embeddable":true,"href":"https:\/\/noticias.virgendenazaret.org.pe\/index.php?rest_route=%2Fwp%2Fv2%2Fcategories&post=1012"},{"taxonomy":"post_tag","embeddable":true,"href":"https:\/\/noticias.virgendenazaret.org.pe\/index.php?rest_route=%2Fwp%2Fv2%2Ftags&post=1012"}],"curies":[{"name":"wp","href":"https:\/\/api.w.org\/{rel}","templated":true}]}}