{"id":1030,"date":"2026-03-26T15:14:26","date_gmt":"2026-03-26T20:14:26","guid":{"rendered":"https:\/\/noticias.virgendenazaret.org.pe\/?p=1030"},"modified":"2026-04-28T16:23:09","modified_gmt":"2026-04-28T21:23:09","slug":"clausura-y-envio-de-la-escuela-de-catequistas-en-la-parroquia-virgen-de-nazaret","status":"publish","type":"post","link":"https:\/\/noticias.virgendenazaret.org.pe\/?p=1030","title":{"rendered":"Clausura y env\u00edo de la Escuela de Catequistas en la Parroquia Virgen de Nazaret"},"content":{"rendered":"<p><span style=\"font-weight: 400;\">El domingo 22 de marzo de 2026 se llev\u00f3 a cabo la ceremonia de env\u00edo y clausura de la Escuela de Catequistas en la Parroquia Virgen de Nazaret. M\u00e1s de 30 j\u00f3venes y adultos, provenientes de las comunidades de Santa Rafaela Mar\u00eda, San Cayetano, San Francisco Javier, San Ignacio de Loyola y San Judas Tadeo, reafirmaron su compromiso con la formaci\u00f3n sacramental que brindar\u00e1n a partir del pr\u00f3ximo 5 de abril.\u00a0<\/span><\/p>\n<p><span style=\"font-weight: 400;\">La jornada incluy\u00f3 una \u00faltima charla formativa y espacios de integraci\u00f3n, tras lo cual se realiz\u00f3 la ceremonia central, presidida por el P. Miguel Arrieta, S.J., quien imparti\u00f3 la imposici\u00f3n de manos como signo de env\u00edo y gracia para la misi\u00f3n catequ\u00e9tica.\u00a0<\/span><\/p>\n<p><span style=\"font-weight: 400;\">Asimismo, se cont\u00f3 con la presencia del estudiante jesuita V\u00edctor Cosilla, S.J., quien acompa\u00f1ar\u00e1 las labores pastorales durante este a\u00f1o, as\u00ed como de las coordinadoras Liz C\u00e1rdenas y Sonia Romero.\u00a0<\/span><\/p>\n<p><span style=\"font-weight: 400;\">Para este 2026, las capillas que ofrecer\u00e1n formaci\u00f3n para la Primera Comuni\u00f3n ser\u00e1n: San Cayetano, San Judas Tadeo, Santa Rafaela Mar\u00eda, San Ignacio de Loyola y San Francisco Javier. En tanto, la preparaci\u00f3n para el sacramento de la Confirmaci\u00f3n se desarrollar\u00e1 en la capilla San Cayetano.\u00a0<\/span><\/p>\n<p><span style=\"font-weight: 400;\">Esta experiencia reafirma el compromiso de la comunidad parroquial con la formaci\u00f3n integral de ni\u00f1os, adolescentes y j\u00f3venes, fortaleciendo as\u00ed la misi\u00f3n evangelizadora en el territorio. <\/span><\/p>\n","protected":false},"excerpt":{"rendered":"<p>El domingo 22 de marzo de 2026 se llev\u00f3 a cabo la ceremonia de env\u00edo y clausura de la Escuela de Catequistas en la<\/p>\n","protected":false},"author":1,"featured_media":1059,"comment_status":"open","ping_status":"open","sticky":true,"template":"","format":"gallery","meta":{"footnotes":""},"categories":[106],"tags":[],"class_list":["post-1030","post","type-post","status-publish","format-gallery","has-post-thumbnail","hentry","category-pastoral-juvenil","post_format-post-format-gallery"],"yoast_head":"<!-- This site is optimized with the Yoast SEO plugin v20.6 - https:\/\/yoast.com\/wordpress\/plugins\/seo\/ -->\n<title>Clausura y env\u00edo de la Escuela de Catequistas en la Parroquia Virgen de Nazaret - Parroquia Virgen de Nazaret El Agustino<\/title>\n<meta name=\"robots\" content=\"index, follow, max-snippet:-1, max-image-preview:large, max-video-preview:-1\" \/>\n<link rel=\"canonical\" href=\"https:\/\/noticias.virgendenazaret.org.pe\/?p=1030\" \/>\n<meta property=\"og:locale\" content=\"es_ES\" \/>\n<meta property=\"og:type\" content=\"article\" \/>\n<meta property=\"og:title\" content=\"Clausura y env\u00edo de la Escuela de Catequistas en la Parroquia Virgen de Nazaret - Parroquia Virgen de Nazaret El Agustino\" \/>\n<meta property=\"og:description\" content=\"El domingo 22 de marzo de 2026 se llev\u00f3 a cabo la ceremonia de env\u00edo y clausura de la Escuela de Catequistas en la\" \/>\n<meta property=\"og:url\" content=\"https:\/\/noticias.virgendenazaret.org.pe\/?p=1030\" \/>\n<meta property=\"og:site_name\" content=\"Parroquia Virgen de Nazaret El Agustino\" \/>\n<meta property=\"article:published_time\" content=\"2026-03-26T20:14:26+00:00\" \/>\n<meta property=\"article:modified_time\" content=\"2026-04-28T21:23:09+00:00\" \/>\n<meta property=\"og:image\" content=\"https:\/\/noticias.virgendenazaret.org.pe\/wp-content\/uploads\/2026\/03\/FCV_0217-1-scaled.jpg\" \/>\n\t<meta property=\"og:image:width\" content=\"2560\" \/>\n\t<meta property=\"og:image:height\" content=\"1707\" \/>\n\t<meta property=\"og:image:type\" content=\"image\/jpeg\" \/>\n<meta name=\"author\" content=\"lpoma\" \/>\n<meta name=\"twitter:card\" content=\"summary_large_image\" \/>\n<meta name=\"twitter:label1\" content=\"Escrito por\" \/>\n\t<meta name=\"twitter:data1\" content=\"lpoma\" \/>\n\t<meta name=\"twitter:label2\" content=\"Tiempo de lectura\" \/>\n\t<meta name=\"twitter:data2\" content=\"1 minuto\" \/>\n<script type=\"application\/ld+json\" class=\"yoast-schema-graph\">{\"@context\":\"https:\/\/schema.org\",\"@graph\":[{\"@type\":\"Article\",\"@id\":\"https:\/\/noticias.virgendenazaret.org.pe\/?p=1030#article\",\"isPartOf\":{\"@id\":\"https:\/\/noticias.virgendenazaret.org.pe\/?p=1030\"},\"author\":{\"name\":\"lpoma\",\"@id\":\"https:\/\/noticias.virgendenazaret.org.pe\/#\/schema\/person\/88d63ccd879661bff6c61c82bb7980dd\"},\"headline\":\"Clausura y env\u00edo de la Escuela de Catequistas en la Parroquia Virgen de Nazaret\",\"datePublished\":\"2026-03-26T20:14:26+00:00\",\"dateModified\":\"2026-04-28T21:23:09+00:00\",\"mainEntityOfPage\":{\"@id\":\"https:\/\/noticias.virgendenazaret.org.pe\/?p=1030\"},\"wordCount\":254,\"commentCount\":0,\"publisher\":{\"@id\":\"https:\/\/noticias.virgendenazaret.org.pe\/#organization\"},\"articleSection\":[\"Pastoral Juvenil\"],\"inLanguage\":\"es\",\"potentialAction\":[{\"@type\":\"CommentAction\",\"name\":\"Comment\",\"target\":[\"https:\/\/noticias.virgendenazaret.org.pe\/?p=1030#respond\"]}]},{\"@type\":\"WebPage\",\"@id\":\"https:\/\/noticias.virgendenazaret.org.pe\/?p=1030\",\"url\":\"https:\/\/noticias.virgendenazaret.org.pe\/?p=1030\",\"name\":\"Clausura y env\u00edo de la Escuela de Catequistas en la Parroquia Virgen de Nazaret - Parroquia Virgen de Nazaret El Agustino\",\"isPartOf\":{\"@id\":\"https:\/\/noticias.virgendenazaret.org.pe\/#website\"},\"datePublished\":\"2026-03-26T20:14:26+00:00\",\"dateModified\":\"2026-04-28T21:23:09+00:00\",\"breadcrumb\":{\"@id\":\"https:\/\/noticias.virgendenazaret.org.pe\/?p=1030#breadcrumb\"},\"inLanguage\":\"es\",\"potentialAction\":[{\"@type\":\"ReadAction\",\"target\":[\"https:\/\/noticias.virgendenazaret.org.pe\/?p=1030\"]}]},{\"@type\":\"BreadcrumbList\",\"@id\":\"https:\/\/noticias.virgendenazaret.org.pe\/?p=1030#breadcrumb\",\"itemListElement\":[{\"@type\":\"ListItem\",\"position\":1,\"name\":\"Portada\",\"item\":\"https:\/\/noticias.virgendenazaret.org.pe\/\"},{\"@type\":\"ListItem\",\"position\":2,\"name\":\"Clausura y env\u00edo de la Escuela de Catequistas en la Parroquia Virgen de Nazaret\"}]},{\"@type\":\"WebSite\",\"@id\":\"https:\/\/noticias.virgendenazaret.org.pe\/#website\",\"url\":\"https:\/\/noticias.virgendenazaret.org.pe\/\",\"name\":\"Parroquia Virgen de Nazaret El Agustino\",\"description\":\"Parroquia Virgen de Nazaret El Agustino\",\"publisher\":{\"@id\":\"https:\/\/noticias.virgendenazaret.org.pe\/#organization\"},\"potentialAction\":[{\"@type\":\"SearchAction\",\"target\":{\"@type\":\"EntryPoint\",\"urlTemplate\":\"https:\/\/noticias.virgendenazaret.org.pe\/?s={search_term_string}\"},\"query-input\":\"required name=search_term_string\"}],\"inLanguage\":\"es\"},{\"@type\":\"Organization\",\"@id\":\"https:\/\/noticias.virgendenazaret.org.pe\/#organization\",\"name\":\"Parroquia Virgen de Nazaret El Agustino\",\"url\":\"https:\/\/noticias.virgendenazaret.org.pe\/\",\"logo\":{\"@type\":\"ImageObject\",\"inLanguage\":\"es\",\"@id\":\"https:\/\/noticias.virgendenazaret.org.pe\/#\/schema\/logo\/image\/\",\"url\":\"https:\/\/noticias.virgendenazaret.org.pe\/wp-content\/uploads\/2023\/04\/cropped-logo-fondo-blanco.jpg\",\"contentUrl\":\"https:\/\/noticias.virgendenazaret.org.pe\/wp-content\/uploads\/2023\/04\/cropped-logo-fondo-blanco.jpg\",\"width\":250,\"height\":93,\"caption\":\"Parroquia Virgen de Nazaret El Agustino\"},\"image\":{\"@id\":\"https:\/\/noticias.virgendenazaret.org.pe\/#\/schema\/logo\/image\/\"}},{\"@type\":\"Person\",\"@id\":\"https:\/\/noticias.virgendenazaret.org.pe\/#\/schema\/person\/88d63ccd879661bff6c61c82bb7980dd\",\"name\":\"lpoma\",\"image\":{\"@type\":\"ImageObject\",\"inLanguage\":\"es\",\"@id\":\"https:\/\/noticias.virgendenazaret.org.pe\/#\/schema\/person\/image\/\",\"url\":\"https:\/\/secure.gravatar.com\/avatar\/a21c41b42d90ef92d9d488b889eda259689452a3a29b6e3c566c2f867f8b2966?s=96&d=mm&r=g\",\"contentUrl\":\"https:\/\/secure.gravatar.com\/avatar\/a21c41b42d90ef92d9d488b889eda259689452a3a29b6e3c566c2f867f8b2966?s=96&d=mm&r=g\",\"caption\":\"lpoma\"},\"sameAs\":[\"https:\/\/noticias.virgendenazaret.org.pe\"],\"url\":\"https:\/\/noticias.virgendenazaret.org.pe\/?author=1\"}]}<\/script>\n<!-- \/ Yoast SEO plugin. -->","yoast_head_json":{"title":"Clausura y env\u00edo de la Escuela de Catequistas en la Parroquia Virgen de Nazaret - Parroquia Virgen de Nazaret El Agustino","robots":{"index":"index","follow":"follow","max-snippet":"max-snippet:-1","max-image-preview":"max-image-preview:large","max-video-preview":"max-video-preview:-1"},"canonical":"https:\/\/noticias.virgendenazaret.org.pe\/?p=1030","og_locale":"es_ES","og_type":"article","og_title":"Clausura y env\u00edo de la Escuela de Catequistas en la Parroquia Virgen de Nazaret - Parroquia Virgen de Nazaret El Agustino","og_description":"El domingo 22 de marzo de 2026 se llev\u00f3 a cabo la ceremonia de env\u00edo y clausura de la Escuela de Catequistas en la","og_url":"https:\/\/noticias.virgendenazaret.org.pe\/?p=1030","og_site_name":"Parroquia Virgen de Nazaret El Agustino","article_published_time":"2026-03-26T20:14:26+00:00","article_modified_time":"2026-04-28T21:23:09+00:00","og_image":[{"width":2560,"height":1707,"url":"https:\/\/noticias.virgendenazaret.org.pe\/wp-content\/uploads\/2026\/03\/FCV_0217-1-scaled.jpg","type":"image\/jpeg"}],"author":"lpoma","twitter_card":"summary_large_image","twitter_misc":{"Escrito por":"lpoma","Tiempo de lectura":"1 minuto"},"schema":{"@context":"https:\/\/schema.org","@graph":[{"@type":"Article","@id":"https:\/\/noticias.virgendenazaret.org.pe\/?p=1030#article","isPartOf":{"@id":"https:\/\/noticias.virgendenazaret.org.pe\/?p=1030"},"author":{"name":"lpoma","@id":"https:\/\/noticias.virgendenazaret.org.pe\/#\/schema\/person\/88d63ccd879661bff6c61c82bb7980dd"},"headline":"Clausura y env\u00edo de la Escuela de Catequistas en la Parroquia Virgen de Nazaret","datePublished":"2026-03-26T20:14:26+00:00","dateModified":"2026-04-28T21:23:09+00:00","mainEntityOfPage":{"@id":"https:\/\/noticias.virgendenazaret.org.pe\/?p=1030"},"wordCount":254,"commentCount":0,"publisher":{"@id":"https:\/\/noticias.virgendenazaret.org.pe\/#organization"},"articleSection":["Pastoral Juvenil"],"inLanguage":"es","potentialAction":[{"@type":"CommentAction","name":"Comment","target":["https:\/\/noticias.virgendenazaret.org.pe\/?p=1030#respond"]}]},{"@type":"WebPage","@id":"https:\/\/noticias.virgendenazaret.org.pe\/?p=1030","url":"https:\/\/noticias.virgendenazaret.org.pe\/?p=1030","name":"Clausura y env\u00edo de la Escuela de Catequistas en la Parroquia Virgen de Nazaret - Parroquia Virgen de Nazaret El Agustino","isPartOf":{"@id":"https:\/\/noticias.virgendenazaret.org.pe\/#website"},"datePublished":"2026-03-26T20:14:26+00:00","dateModified":"2026-04-28T21:23:09+00:00","breadcrumb":{"@id":"https:\/\/noticias.virgendenazaret.org.pe\/?p=1030#breadcrumb"},"inLanguage":"es","potentialAction":[{"@type":"ReadAction","target":["https:\/\/noticias.virgendenazaret.org.pe\/?p=1030"]}]},{"@type":"BreadcrumbList","@id":"https:\/\/noticias.virgendenazaret.org.pe\/?p=1030#breadcrumb","itemListElement":[{"@type":"ListItem","position":1,"name":"Portada","item":"https:\/\/noticias.virgendenazaret.org.pe\/"},{"@type":"ListItem","position":2,"name":"Clausura y env\u00edo de la Escuela de Catequistas en la Parroquia Virgen de Nazaret"}]},{"@type":"WebSite","@id":"https:\/\/noticias.virgendenazaret.org.pe\/#website","url":"https:\/\/noticias.virgendenazaret.org.pe\/","name":"Parroquia Virgen de Nazaret El Agustino","description":"Parroquia Virgen de Nazaret El Agustino","publisher":{"@id":"https:\/\/noticias.virgendenazaret.org.pe\/#organization"},"potentialAction":[{"@type":"SearchAction","target":{"@type":"EntryPoint","urlTemplate":"https:\/\/noticias.virgendenazaret.org.pe\/?s={search_term_string}"},"query-input":"required name=search_term_string"}],"inLanguage":"es"},{"@type":"Organization","@id":"https:\/\/noticias.virgendenazaret.org.pe\/#organization","name":"Parroquia Virgen de Nazaret El Agustino","url":"https:\/\/noticias.virgendenazaret.org.pe\/","logo":{"@type":"ImageObject","inLanguage":"es","@id":"https:\/\/noticias.virgendenazaret.org.pe\/#\/schema\/logo\/image\/","url":"https:\/\/noticias.virgendenazaret.org.pe\/wp-content\/uploads\/2023\/04\/cropped-logo-fondo-blanco.jpg","contentUrl":"https:\/\/noticias.virgendenazaret.org.pe\/wp-content\/uploads\/2023\/04\/cropped-logo-fondo-blanco.jpg","width":250,"height":93,"caption":"Parroquia Virgen de Nazaret El Agustino"},"image":{"@id":"https:\/\/noticias.virgendenazaret.org.pe\/#\/schema\/logo\/image\/"}},{"@type":"Person","@id":"https:\/\/noticias.virgendenazaret.org.pe\/#\/schema\/person\/88d63ccd879661bff6c61c82bb7980dd","name":"lpoma","image":{"@type":"ImageObject","inLanguage":"es","@id":"https:\/\/noticias.virgendenazaret.org.pe\/#\/schema\/person\/image\/","url":"https:\/\/secure.gravatar.com\/avatar\/a21c41b42d90ef92d9d488b889eda259689452a3a29b6e3c566c2f867f8b2966?s=96&d=mm&r=g","contentUrl":"https:\/\/secure.gravatar.com\/avatar\/a21c41b42d90ef92d9d488b889eda259689452a3a29b6e3c566c2f867f8b2966?s=96&d=mm&r=g","caption":"lpoma"},"sameAs":["https:\/\/noticias.virgendenazaret.org.pe"],"url":"https:\/\/noticias.virgendenazaret.org.pe\/?author=1"}]}},"_links":{"self":[{"href":"https:\/\/noticias.virgendenazaret.org.pe\/index.php?rest_route=\/wp\/v2\/posts\/1030","targetHints":{"allow":["GET"]}}],"collection":[{"href":"https:\/\/noticias.virgendenazaret.org.pe\/index.php?rest_route=\/wp\/v2\/posts"}],"about":[{"href":"https:\/\/noticias.virgendenazaret.org.pe\/index.php?rest_route=\/wp\/v2\/types\/post"}],"author":[{"embeddable":true,"href":"https:\/\/noticias.virgendenazaret.org.pe\/index.php?rest_route=\/wp\/v2\/users\/1"}],"replies":[{"embeddable":true,"href":"https:\/\/noticias.virgendenazaret.org.pe\/index.php?rest_route=%2Fwp%2Fv2%2Fcomments&post=1030"}],"version-history":[{"count":3,"href":"https:\/\/noticias.virgendenazaret.org.pe\/index.php?rest_route=\/wp\/v2\/posts\/1030\/revisions"}],"predecessor-version":[{"id":1058,"href":"https:\/\/noticias.virgendenazaret.org.pe\/index.php?rest_route=\/wp\/v2\/posts\/1030\/revisions\/1058"}],"wp:featuredmedia":[{"embeddable":true,"href":"https:\/\/noticias.virgendenazaret.org.pe\/index.php?rest_route=\/wp\/v2\/media\/1059"}],"wp:attachment":[{"href":"https:\/\/noticias.virgendenazaret.org.pe\/index.php?rest_route=%2Fwp%2Fv2%2Fmedia&parent=1030"}],"wp:term":[{"taxonomy":"category","embeddable":true,"href":"https:\/\/noticias.virgendenazaret.org.pe\/index.php?rest_route=%2Fwp%2Fv2%2Fcategories&post=1030"},{"taxonomy":"post_tag","embeddable":true,"href":"https:\/\/noticias.virgendenazaret.org.pe\/index.php?rest_route=%2Fwp%2Fv2%2Ftags&post=1030"}],"curies":[{"name":"wp","href":"https:\/\/api.w.org\/{rel}","templated":true}]}}