{"id":1055,"date":"2026-04-29T18:00:20","date_gmt":"2026-04-29T23:00:20","guid":{"rendered":"https:\/\/noticias.virgendenazaret.org.pe\/?p=1055"},"modified":"2026-04-29T18:00:36","modified_gmt":"2026-04-29T23:00:36","slug":"kermesse-santa-rafaela-maria","status":"publish","type":"post","link":"https:\/\/noticias.virgendenazaret.org.pe\/?p=1055","title":{"rendered":"Kermesse Santa Rafaela Mar\u00eda"},"content":{"rendered":"<p><span style=\"font-weight: 400;\">La Comunidad Eclesial Santa Rafaela Mar\u00eda de la parroquia Virgen de Nazaret vivi\u00f3 una jornada llena de alegr\u00eda, integraci\u00f3n y solidaridad durante la realizaci\u00f3n de su bingo kermesse, llevada a cabo el domingo 26 de abril.<\/span><\/p>\n<p><span style=\"font-weight: 400;\">El evento reuni\u00f3 a numerosos fieles y vecinos, quienes disfrutaron de una variada oferta gastron\u00f3mica con deliciosos platillos como arroz con pollo y escabeche, preparados con dedicaci\u00f3n por los miembros de la comunidad. Asimismo, grandes y peque\u00f1os participaron en divertidos juegos como fulbito, sapo y \u201clanza la moneda\u201d, generando un ambiente familiar y festivo.<\/span><\/p>\n<p><span style=\"font-weight: 400;\">Uno de los espacios m\u00e1s concurridos fue el bazar, donde se ofrecieron prendas de vestir y juguetes, promoviendo tambi\u00e9n la econom\u00eda solidaria entre los asistentes.<\/span><\/p>\n<p><span style=\"font-weight: 400;\">La jornada estuvo animada por un colorido show art\u00edstico a cargo del payasito Macarroncito, as\u00ed como por la participaci\u00f3n de cantantes invitados, gracias al valioso apoyo de SEA (Servicios Educativos El Agustino), quienes aportaron al ambiente de celebraci\u00f3n.<\/span><\/p>\n<p><span style=\"font-weight: 400;\">El esperado bingo fue uno de los momentos centrales de la actividad, destacando por un atractivo premio mayor de 800 soles, que mantuvo la emoci\u00f3n entre los participantes.<\/span><\/p>\n<p><span style=\"font-weight: 400;\">En esta significativa actividad participaron diversas comunidades y grupos parroquiales como Juan XXIII, Comunidad Santa Rosa , Comunidad Ten Fe, el coro parroquial Santa Rosa , la Legi\u00f3n de Mar\u00eda y m\u00e1s\u00a0 Asimismo, se cont\u00f3 con la presencia del P. Jorge Tovar S.J , el estudiante jesuita V\u00edctor Cohaila S.J, grupos juveniles de Santa Rafaela Mar\u00eda y algunos\u00a0 feligreses de las capillas pertenecientes a la parroquia.<\/span><\/p>\n<p><span style=\"font-weight: 400;\">Este tipo de iniciativas no solo promueven la integraci\u00f3n y el compartir fraterno, sino que tambi\u00e9n fortalecen el compromiso pastoral y social de la comunidad.<\/span><\/p>\n<p>&nbsp;<\/p>\n","protected":false},"excerpt":{"rendered":"<p>La Comunidad Eclesial Santa Rafaela Mar\u00eda de la parroquia Virgen de Nazaret vivi\u00f3 una jornada llena de alegr\u00eda, integraci\u00f3n y solidaridad durante la realizaci\u00f3n<\/p>\n","protected":false},"author":1,"featured_media":1049,"comment_status":"open","ping_status":"open","sticky":false,"template":"","format":"standard","meta":{"footnotes":""},"categories":[104,1],"tags":[],"class_list":["post-1055","post","type-post","status-publish","format-standard","has-post-thumbnail","hentry","category-parroquia","category-uncategorized"],"yoast_head":"<!-- This site is optimized with the Yoast SEO plugin v20.6 - https:\/\/yoast.com\/wordpress\/plugins\/seo\/ -->\n<title>Kermesse Santa Rafaela Mar\u00eda - Parroquia Virgen de Nazaret El Agustino<\/title>\n<meta name=\"robots\" content=\"index, follow, max-snippet:-1, max-image-preview:large, max-video-preview:-1\" \/>\n<link rel=\"canonical\" href=\"https:\/\/noticias.virgendenazaret.org.pe\/?p=1055\" \/>\n<meta property=\"og:locale\" content=\"es_ES\" \/>\n<meta property=\"og:type\" content=\"article\" \/>\n<meta property=\"og:title\" content=\"Kermesse Santa Rafaela Mar\u00eda - Parroquia Virgen de Nazaret El Agustino\" \/>\n<meta property=\"og:description\" content=\"La Comunidad Eclesial Santa Rafaela Mar\u00eda de la parroquia Virgen de Nazaret vivi\u00f3 una jornada llena de alegr\u00eda, integraci\u00f3n y solidaridad durante la realizaci\u00f3n\" \/>\n<meta property=\"og:url\" content=\"https:\/\/noticias.virgendenazaret.org.pe\/?p=1055\" \/>\n<meta property=\"og:site_name\" content=\"Parroquia Virgen de Nazaret El Agustino\" \/>\n<meta property=\"article:published_time\" content=\"2026-04-29T23:00:20+00:00\" \/>\n<meta property=\"article:modified_time\" content=\"2026-04-29T23:00:36+00:00\" \/>\n<meta property=\"og:image\" content=\"https:\/\/noticias.virgendenazaret.org.pe\/wp-content\/uploads\/2026\/04\/FCV_0307-1-scaled.jpg\" \/>\n\t<meta property=\"og:image:width\" content=\"2560\" \/>\n\t<meta property=\"og:image:height\" content=\"1707\" \/>\n\t<meta property=\"og:image:type\" content=\"image\/jpeg\" \/>\n<meta name=\"author\" content=\"lpoma\" \/>\n<meta name=\"twitter:card\" content=\"summary_large_image\" \/>\n<meta name=\"twitter:label1\" content=\"Escrito por\" \/>\n\t<meta name=\"twitter:data1\" content=\"lpoma\" \/>\n\t<meta name=\"twitter:label2\" content=\"Tiempo de lectura\" \/>\n\t<meta name=\"twitter:data2\" content=\"2 minutos\" \/>\n<script type=\"application\/ld+json\" class=\"yoast-schema-graph\">{\"@context\":\"https:\/\/schema.org\",\"@graph\":[{\"@type\":\"Article\",\"@id\":\"https:\/\/noticias.virgendenazaret.org.pe\/?p=1055#article\",\"isPartOf\":{\"@id\":\"https:\/\/noticias.virgendenazaret.org.pe\/?p=1055\"},\"author\":{\"name\":\"lpoma\",\"@id\":\"https:\/\/noticias.virgendenazaret.org.pe\/#\/schema\/person\/88d63ccd879661bff6c61c82bb7980dd\"},\"headline\":\"Kermesse Santa Rafaela Mar\u00eda\",\"datePublished\":\"2026-04-29T23:00:20+00:00\",\"dateModified\":\"2026-04-29T23:00:36+00:00\",\"mainEntityOfPage\":{\"@id\":\"https:\/\/noticias.virgendenazaret.org.pe\/?p=1055\"},\"wordCount\":296,\"commentCount\":0,\"publisher\":{\"@id\":\"https:\/\/noticias.virgendenazaret.org.pe\/#organization\"},\"articleSection\":[\"Parroquia\",\"Uncategorized\"],\"inLanguage\":\"es\",\"potentialAction\":[{\"@type\":\"CommentAction\",\"name\":\"Comment\",\"target\":[\"https:\/\/noticias.virgendenazaret.org.pe\/?p=1055#respond\"]}]},{\"@type\":\"WebPage\",\"@id\":\"https:\/\/noticias.virgendenazaret.org.pe\/?p=1055\",\"url\":\"https:\/\/noticias.virgendenazaret.org.pe\/?p=1055\",\"name\":\"Kermesse Santa Rafaela Mar\u00eda - Parroquia Virgen de Nazaret El Agustino\",\"isPartOf\":{\"@id\":\"https:\/\/noticias.virgendenazaret.org.pe\/#website\"},\"datePublished\":\"2026-04-29T23:00:20+00:00\",\"dateModified\":\"2026-04-29T23:00:36+00:00\",\"breadcrumb\":{\"@id\":\"https:\/\/noticias.virgendenazaret.org.pe\/?p=1055#breadcrumb\"},\"inLanguage\":\"es\",\"potentialAction\":[{\"@type\":\"ReadAction\",\"target\":[\"https:\/\/noticias.virgendenazaret.org.pe\/?p=1055\"]}]},{\"@type\":\"BreadcrumbList\",\"@id\":\"https:\/\/noticias.virgendenazaret.org.pe\/?p=1055#breadcrumb\",\"itemListElement\":[{\"@type\":\"ListItem\",\"position\":1,\"name\":\"Portada\",\"item\":\"https:\/\/noticias.virgendenazaret.org.pe\/\"},{\"@type\":\"ListItem\",\"position\":2,\"name\":\"Kermesse Santa Rafaela Mar\u00eda\"}]},{\"@type\":\"WebSite\",\"@id\":\"https:\/\/noticias.virgendenazaret.org.pe\/#website\",\"url\":\"https:\/\/noticias.virgendenazaret.org.pe\/\",\"name\":\"Parroquia Virgen de Nazaret El Agustino\",\"description\":\"Parroquia Virgen de Nazaret El Agustino\",\"publisher\":{\"@id\":\"https:\/\/noticias.virgendenazaret.org.pe\/#organization\"},\"potentialAction\":[{\"@type\":\"SearchAction\",\"target\":{\"@type\":\"EntryPoint\",\"urlTemplate\":\"https:\/\/noticias.virgendenazaret.org.pe\/?s={search_term_string}\"},\"query-input\":\"required name=search_term_string\"}],\"inLanguage\":\"es\"},{\"@type\":\"Organization\",\"@id\":\"https:\/\/noticias.virgendenazaret.org.pe\/#organization\",\"name\":\"Parroquia Virgen de Nazaret El Agustino\",\"url\":\"https:\/\/noticias.virgendenazaret.org.pe\/\",\"logo\":{\"@type\":\"ImageObject\",\"inLanguage\":\"es\",\"@id\":\"https:\/\/noticias.virgendenazaret.org.pe\/#\/schema\/logo\/image\/\",\"url\":\"https:\/\/noticias.virgendenazaret.org.pe\/wp-content\/uploads\/2023\/04\/cropped-logo-fondo-blanco.jpg\",\"contentUrl\":\"https:\/\/noticias.virgendenazaret.org.pe\/wp-content\/uploads\/2023\/04\/cropped-logo-fondo-blanco.jpg\",\"width\":250,\"height\":93,\"caption\":\"Parroquia Virgen de Nazaret El Agustino\"},\"image\":{\"@id\":\"https:\/\/noticias.virgendenazaret.org.pe\/#\/schema\/logo\/image\/\"}},{\"@type\":\"Person\",\"@id\":\"https:\/\/noticias.virgendenazaret.org.pe\/#\/schema\/person\/88d63ccd879661bff6c61c82bb7980dd\",\"name\":\"lpoma\",\"image\":{\"@type\":\"ImageObject\",\"inLanguage\":\"es\",\"@id\":\"https:\/\/noticias.virgendenazaret.org.pe\/#\/schema\/person\/image\/\",\"url\":\"https:\/\/secure.gravatar.com\/avatar\/a21c41b42d90ef92d9d488b889eda259689452a3a29b6e3c566c2f867f8b2966?s=96&d=mm&r=g\",\"contentUrl\":\"https:\/\/secure.gravatar.com\/avatar\/a21c41b42d90ef92d9d488b889eda259689452a3a29b6e3c566c2f867f8b2966?s=96&d=mm&r=g\",\"caption\":\"lpoma\"},\"sameAs\":[\"https:\/\/noticias.virgendenazaret.org.pe\"],\"url\":\"https:\/\/noticias.virgendenazaret.org.pe\/?author=1\"}]}<\/script>\n<!-- \/ Yoast SEO plugin. -->","yoast_head_json":{"title":"Kermesse Santa Rafaela Mar\u00eda - Parroquia Virgen de Nazaret El Agustino","robots":{"index":"index","follow":"follow","max-snippet":"max-snippet:-1","max-image-preview":"max-image-preview:large","max-video-preview":"max-video-preview:-1"},"canonical":"https:\/\/noticias.virgendenazaret.org.pe\/?p=1055","og_locale":"es_ES","og_type":"article","og_title":"Kermesse Santa Rafaela Mar\u00eda - Parroquia Virgen de Nazaret El Agustino","og_description":"La Comunidad Eclesial Santa Rafaela Mar\u00eda de la parroquia Virgen de Nazaret vivi\u00f3 una jornada llena de alegr\u00eda, integraci\u00f3n y solidaridad durante la realizaci\u00f3n","og_url":"https:\/\/noticias.virgendenazaret.org.pe\/?p=1055","og_site_name":"Parroquia Virgen de Nazaret El Agustino","article_published_time":"2026-04-29T23:00:20+00:00","article_modified_time":"2026-04-29T23:00:36+00:00","og_image":[{"width":2560,"height":1707,"url":"https:\/\/noticias.virgendenazaret.org.pe\/wp-content\/uploads\/2026\/04\/FCV_0307-1-scaled.jpg","type":"image\/jpeg"}],"author":"lpoma","twitter_card":"summary_large_image","twitter_misc":{"Escrito por":"lpoma","Tiempo de lectura":"2 minutos"},"schema":{"@context":"https:\/\/schema.org","@graph":[{"@type":"Article","@id":"https:\/\/noticias.virgendenazaret.org.pe\/?p=1055#article","isPartOf":{"@id":"https:\/\/noticias.virgendenazaret.org.pe\/?p=1055"},"author":{"name":"lpoma","@id":"https:\/\/noticias.virgendenazaret.org.pe\/#\/schema\/person\/88d63ccd879661bff6c61c82bb7980dd"},"headline":"Kermesse Santa Rafaela Mar\u00eda","datePublished":"2026-04-29T23:00:20+00:00","dateModified":"2026-04-29T23:00:36+00:00","mainEntityOfPage":{"@id":"https:\/\/noticias.virgendenazaret.org.pe\/?p=1055"},"wordCount":296,"commentCount":0,"publisher":{"@id":"https:\/\/noticias.virgendenazaret.org.pe\/#organization"},"articleSection":["Parroquia","Uncategorized"],"inLanguage":"es","potentialAction":[{"@type":"CommentAction","name":"Comment","target":["https:\/\/noticias.virgendenazaret.org.pe\/?p=1055#respond"]}]},{"@type":"WebPage","@id":"https:\/\/noticias.virgendenazaret.org.pe\/?p=1055","url":"https:\/\/noticias.virgendenazaret.org.pe\/?p=1055","name":"Kermesse Santa Rafaela Mar\u00eda - Parroquia Virgen de Nazaret El Agustino","isPartOf":{"@id":"https:\/\/noticias.virgendenazaret.org.pe\/#website"},"datePublished":"2026-04-29T23:00:20+00:00","dateModified":"2026-04-29T23:00:36+00:00","breadcrumb":{"@id":"https:\/\/noticias.virgendenazaret.org.pe\/?p=1055#breadcrumb"},"inLanguage":"es","potentialAction":[{"@type":"ReadAction","target":["https:\/\/noticias.virgendenazaret.org.pe\/?p=1055"]}]},{"@type":"BreadcrumbList","@id":"https:\/\/noticias.virgendenazaret.org.pe\/?p=1055#breadcrumb","itemListElement":[{"@type":"ListItem","position":1,"name":"Portada","item":"https:\/\/noticias.virgendenazaret.org.pe\/"},{"@type":"ListItem","position":2,"name":"Kermesse Santa Rafaela Mar\u00eda"}]},{"@type":"WebSite","@id":"https:\/\/noticias.virgendenazaret.org.pe\/#website","url":"https:\/\/noticias.virgendenazaret.org.pe\/","name":"Parroquia Virgen de Nazaret El Agustino","description":"Parroquia Virgen de Nazaret El Agustino","publisher":{"@id":"https:\/\/noticias.virgendenazaret.org.pe\/#organization"},"potentialAction":[{"@type":"SearchAction","target":{"@type":"EntryPoint","urlTemplate":"https:\/\/noticias.virgendenazaret.org.pe\/?s={search_term_string}"},"query-input":"required name=search_term_string"}],"inLanguage":"es"},{"@type":"Organization","@id":"https:\/\/noticias.virgendenazaret.org.pe\/#organization","name":"Parroquia Virgen de Nazaret El Agustino","url":"https:\/\/noticias.virgendenazaret.org.pe\/","logo":{"@type":"ImageObject","inLanguage":"es","@id":"https:\/\/noticias.virgendenazaret.org.pe\/#\/schema\/logo\/image\/","url":"https:\/\/noticias.virgendenazaret.org.pe\/wp-content\/uploads\/2023\/04\/cropped-logo-fondo-blanco.jpg","contentUrl":"https:\/\/noticias.virgendenazaret.org.pe\/wp-content\/uploads\/2023\/04\/cropped-logo-fondo-blanco.jpg","width":250,"height":93,"caption":"Parroquia Virgen de Nazaret El Agustino"},"image":{"@id":"https:\/\/noticias.virgendenazaret.org.pe\/#\/schema\/logo\/image\/"}},{"@type":"Person","@id":"https:\/\/noticias.virgendenazaret.org.pe\/#\/schema\/person\/88d63ccd879661bff6c61c82bb7980dd","name":"lpoma","image":{"@type":"ImageObject","inLanguage":"es","@id":"https:\/\/noticias.virgendenazaret.org.pe\/#\/schema\/person\/image\/","url":"https:\/\/secure.gravatar.com\/avatar\/a21c41b42d90ef92d9d488b889eda259689452a3a29b6e3c566c2f867f8b2966?s=96&d=mm&r=g","contentUrl":"https:\/\/secure.gravatar.com\/avatar\/a21c41b42d90ef92d9d488b889eda259689452a3a29b6e3c566c2f867f8b2966?s=96&d=mm&r=g","caption":"lpoma"},"sameAs":["https:\/\/noticias.virgendenazaret.org.pe"],"url":"https:\/\/noticias.virgendenazaret.org.pe\/?author=1"}]}},"_links":{"self":[{"href":"https:\/\/noticias.virgendenazaret.org.pe\/index.php?rest_route=\/wp\/v2\/posts\/1055","targetHints":{"allow":["GET"]}}],"collection":[{"href":"https:\/\/noticias.virgendenazaret.org.pe\/index.php?rest_route=\/wp\/v2\/posts"}],"about":[{"href":"https:\/\/noticias.virgendenazaret.org.pe\/index.php?rest_route=\/wp\/v2\/types\/post"}],"author":[{"embeddable":true,"href":"https:\/\/noticias.virgendenazaret.org.pe\/index.php?rest_route=\/wp\/v2\/users\/1"}],"replies":[{"embeddable":true,"href":"https:\/\/noticias.virgendenazaret.org.pe\/index.php?rest_route=%2Fwp%2Fv2%2Fcomments&post=1055"}],"version-history":[{"count":1,"href":"https:\/\/noticias.virgendenazaret.org.pe\/index.php?rest_route=\/wp\/v2\/posts\/1055\/revisions"}],"predecessor-version":[{"id":1064,"href":"https:\/\/noticias.virgendenazaret.org.pe\/index.php?rest_route=\/wp\/v2\/posts\/1055\/revisions\/1064"}],"wp:featuredmedia":[{"embeddable":true,"href":"https:\/\/noticias.virgendenazaret.org.pe\/index.php?rest_route=\/wp\/v2\/media\/1049"}],"wp:attachment":[{"href":"https:\/\/noticias.virgendenazaret.org.pe\/index.php?rest_route=%2Fwp%2Fv2%2Fmedia&parent=1055"}],"wp:term":[{"taxonomy":"category","embeddable":true,"href":"https:\/\/noticias.virgendenazaret.org.pe\/index.php?rest_route=%2Fwp%2Fv2%2Fcategories&post=1055"},{"taxonomy":"post_tag","embeddable":true,"href":"https:\/\/noticias.virgendenazaret.org.pe\/index.php?rest_route=%2Fwp%2Fv2%2Ftags&post=1055"}],"curies":[{"name":"wp","href":"https:\/\/api.w.org\/{rel}","templated":true}]}}