{"id":762,"date":"2023-04-14T18:03:41","date_gmt":"2023-04-14T18:03:41","guid":{"rendered":"https:\/\/noticias.virgendenazaret.org.pe\/?p=762"},"modified":"2023-04-14T22:12:01","modified_gmt":"2023-04-14T22:12:01","slug":"jornada-de-atencion-legal-y-social-para-migrantes","status":"publish","type":"post","link":"https:\/\/noticias.virgendenazaret.org.pe\/?p=762","title":{"rendered":"Jornada de atenci\u00f3n legal y social para migrantes"},"content":{"rendered":"<p style=\"text-align: left;\">El jueves 15 de setiembre de 2022 nuestra parroquia acogi\u00f3 a nuestros hermanos venezolanos en la jornada de atenci\u00f3n legal y social para personas refugiadas y migrantes a cargo de Encuentros SJM.<br \/>\nLos servicios que se brindaron fueron asesor\u00edas en temas legales y otros tr\u00e1mites para documentaci\u00f3n, atenci\u00f3n social y psicosocial, orientaci\u00f3n en medios de vida para el acceso al mercado laboral y asesor\u00eda para emprendedores.<br \/>\nEl Centro de Emergencia Mujer se hizo presente difundiendo su campa\u00f1a sobre la prevenci\u00f3n de la violencia hace la mujer. Recordemos que desde mediados del 2018, la parroquia Virgen de Nazaret realiza un servicio de apoyo a los migrantes a trav\u00e9s de las siguientes<br \/>\nacciones:<br \/>\n&#8211; Apoyo econ\u00f3mico en pago de tasas para regularizar documentos.<br \/>\n&#8211; Apoyo con pago de terapias psicol\u00f3gicas para ni\u00f1os y parejas.<br \/>\n&#8211; Ayuda asistencial en canastas de v\u00edveres.<br \/>\n&#8211; Ayuda asistencial en medicinas, pago de ex\u00e1menes y radiograf\u00edas<br \/>\nm\u00e9dicas.<br \/>\n&#8211; Apoyo con pa\u00f1ales para adultos y ni\u00f1os.<br \/>\n&#8211; Apoyo con medicamentos a personas que se infectaron de Covid-19, entre otros servicios que posteriormente estaremos difundiendo en nuestras plataformas digitales.<\/p>\n<p><img loading=\"lazy\" decoding=\"async\" class=\"size-large wp-image-771 aligncenter\" src=\"https:\/\/noticias.virgendenazaret.org.pe\/wp-content\/uploads\/2023\/04\/2-1-1024x683.jpg\" alt=\"Parroquia Virgen de Nazaret El Agustino\" width=\"715\" height=\"477\" srcset=\"https:\/\/noticias.virgendenazaret.org.pe\/wp-content\/uploads\/2023\/04\/2-1-1024x683.jpg 1024w, https:\/\/noticias.virgendenazaret.org.pe\/wp-content\/uploads\/2023\/04\/2-1-300x200.jpg 300w, https:\/\/noticias.virgendenazaret.org.pe\/wp-content\/uploads\/2023\/04\/2-1-768x512.jpg 768w, https:\/\/noticias.virgendenazaret.org.pe\/wp-content\/uploads\/2023\/04\/2-1.jpg 1080w\" sizes=\"auto, (max-width: 715px) 100vw, 715px\" \/><\/p>\n<p>&nbsp;<\/p>\n<p><img loading=\"lazy\" decoding=\"async\" class=\"size-large wp-image-772 aligncenter\" src=\"https:\/\/noticias.virgendenazaret.org.pe\/wp-content\/uploads\/2023\/04\/3-1024x683.jpg\" alt=\"Parroquia Virgen de Nazaret El Agustino\" width=\"715\" height=\"477\" srcset=\"https:\/\/noticias.virgendenazaret.org.pe\/wp-content\/uploads\/2023\/04\/3-1024x683.jpg 1024w, https:\/\/noticias.virgendenazaret.org.pe\/wp-content\/uploads\/2023\/04\/3-300x200.jpg 300w, https:\/\/noticias.virgendenazaret.org.pe\/wp-content\/uploads\/2023\/04\/3-768x512.jpg 768w, https:\/\/noticias.virgendenazaret.org.pe\/wp-content\/uploads\/2023\/04\/3.jpg 1080w\" sizes=\"auto, (max-width: 715px) 100vw, 715px\" \/><\/p>\n<p>&nbsp;<\/p>\n<p><img loading=\"lazy\" decoding=\"async\" class=\"size-large wp-image-773 aligncenter\" src=\"https:\/\/noticias.virgendenazaret.org.pe\/wp-content\/uploads\/2023\/04\/4-1024x683.jpg\" alt=\"Parroquia Virgen de Nazaret El Agustino\" width=\"715\" height=\"477\" srcset=\"https:\/\/noticias.virgendenazaret.org.pe\/wp-content\/uploads\/2023\/04\/4-1024x683.jpg 1024w, https:\/\/noticias.virgendenazaret.org.pe\/wp-content\/uploads\/2023\/04\/4-300x200.jpg 300w, https:\/\/noticias.virgendenazaret.org.pe\/wp-content\/uploads\/2023\/04\/4-768x512.jpg 768w, https:\/\/noticias.virgendenazaret.org.pe\/wp-content\/uploads\/2023\/04\/4.jpg 1080w\" sizes=\"auto, (max-width: 715px) 100vw, 715px\" \/><\/p>\n","protected":false},"excerpt":{"rendered":"<p>El jueves 15 de setiembre de 2022 nuestra parroquia acogi\u00f3 a nuestros hermanos venezolanos en la jornada de atenci\u00f3n legal y social para personas<\/p>\n","protected":false},"author":2,"featured_media":769,"comment_status":"open","ping_status":"open","sticky":false,"template":"","format":"standard","meta":{"footnotes":""},"categories":[104],"tags":[],"class_list":["post-762","post","type-post","status-publish","format-standard","has-post-thumbnail","hentry","category-parroquia"],"yoast_head":"<!-- This site is optimized with the Yoast SEO plugin v20.6 - https:\/\/yoast.com\/wordpress\/plugins\/seo\/ -->\n<title>Jornada de atenci\u00f3n legal y social para migrantes - Parroquia Virgen de Nazaret El Agustino<\/title>\n<meta name=\"robots\" content=\"index, follow, max-snippet:-1, max-image-preview:large, max-video-preview:-1\" \/>\n<link rel=\"canonical\" href=\"https:\/\/noticias.virgendenazaret.org.pe\/?p=762\" \/>\n<meta property=\"og:locale\" content=\"es_ES\" \/>\n<meta property=\"og:type\" content=\"article\" \/>\n<meta property=\"og:title\" content=\"Jornada de atenci\u00f3n legal y social para migrantes - Parroquia Virgen de Nazaret El Agustino\" \/>\n<meta property=\"og:description\" content=\"El jueves 15 de setiembre de 2022 nuestra parroquia acogi\u00f3 a nuestros hermanos venezolanos en la jornada de atenci\u00f3n legal y social para personas\" \/>\n<meta property=\"og:url\" content=\"https:\/\/noticias.virgendenazaret.org.pe\/?p=762\" \/>\n<meta property=\"og:site_name\" content=\"Parroquia Virgen de Nazaret El Agustino\" \/>\n<meta property=\"article:published_time\" content=\"2023-04-14T18:03:41+00:00\" \/>\n<meta property=\"article:modified_time\" content=\"2023-04-14T22:12:01+00:00\" \/>\n<meta property=\"og:image\" content=\"https:\/\/noticias.virgendenazaret.org.pe\/wp-content\/uploads\/2023\/04\/1-1.jpg\" \/>\n\t<meta property=\"og:image:width\" content=\"1080\" \/>\n\t<meta property=\"og:image:height\" content=\"755\" \/>\n\t<meta property=\"og:image:type\" content=\"image\/jpeg\" \/>\n<meta name=\"author\" content=\"Comunicaciones Nazaret\" \/>\n<meta name=\"twitter:card\" content=\"summary_large_image\" \/>\n<meta name=\"twitter:label1\" content=\"Escrito por\" \/>\n\t<meta name=\"twitter:data1\" content=\"Comunicaciones Nazaret\" \/>\n\t<meta name=\"twitter:label2\" content=\"Tiempo de lectura\" \/>\n\t<meta name=\"twitter:data2\" content=\"1 minuto\" \/>\n<script type=\"application\/ld+json\" class=\"yoast-schema-graph\">{\"@context\":\"https:\/\/schema.org\",\"@graph\":[{\"@type\":\"Article\",\"@id\":\"https:\/\/noticias.virgendenazaret.org.pe\/?p=762#article\",\"isPartOf\":{\"@id\":\"https:\/\/noticias.virgendenazaret.org.pe\/?p=762\"},\"author\":{\"name\":\"Comunicaciones Nazaret\",\"@id\":\"https:\/\/noticias.virgendenazaret.org.pe\/#\/schema\/person\/e131954a863858d2c2f8d66e3e9fc0b8\"},\"headline\":\"Jornada de atenci\u00f3n legal y social para migrantes\",\"datePublished\":\"2023-04-14T18:03:41+00:00\",\"dateModified\":\"2023-04-14T22:12:01+00:00\",\"mainEntityOfPage\":{\"@id\":\"https:\/\/noticias.virgendenazaret.org.pe\/?p=762\"},\"wordCount\":207,\"commentCount\":0,\"publisher\":{\"@id\":\"https:\/\/noticias.virgendenazaret.org.pe\/#organization\"},\"articleSection\":[\"Parroquia\"],\"inLanguage\":\"es\",\"potentialAction\":[{\"@type\":\"CommentAction\",\"name\":\"Comment\",\"target\":[\"https:\/\/noticias.virgendenazaret.org.pe\/?p=762#respond\"]}]},{\"@type\":\"WebPage\",\"@id\":\"https:\/\/noticias.virgendenazaret.org.pe\/?p=762\",\"url\":\"https:\/\/noticias.virgendenazaret.org.pe\/?p=762\",\"name\":\"Jornada de atenci\u00f3n legal y social para migrantes - Parroquia Virgen de Nazaret El Agustino\",\"isPartOf\":{\"@id\":\"https:\/\/noticias.virgendenazaret.org.pe\/#website\"},\"datePublished\":\"2023-04-14T18:03:41+00:00\",\"dateModified\":\"2023-04-14T22:12:01+00:00\",\"breadcrumb\":{\"@id\":\"https:\/\/noticias.virgendenazaret.org.pe\/?p=762#breadcrumb\"},\"inLanguage\":\"es\",\"potentialAction\":[{\"@type\":\"ReadAction\",\"target\":[\"https:\/\/noticias.virgendenazaret.org.pe\/?p=762\"]}]},{\"@type\":\"BreadcrumbList\",\"@id\":\"https:\/\/noticias.virgendenazaret.org.pe\/?p=762#breadcrumb\",\"itemListElement\":[{\"@type\":\"ListItem\",\"position\":1,\"name\":\"Portada\",\"item\":\"https:\/\/noticias.virgendenazaret.org.pe\/\"},{\"@type\":\"ListItem\",\"position\":2,\"name\":\"Jornada de atenci\u00f3n legal y social para migrantes\"}]},{\"@type\":\"WebSite\",\"@id\":\"https:\/\/noticias.virgendenazaret.org.pe\/#website\",\"url\":\"https:\/\/noticias.virgendenazaret.org.pe\/\",\"name\":\"Parroquia Virgen de Nazaret El Agustino\",\"description\":\"Parroquia Virgen de Nazaret El Agustino\",\"publisher\":{\"@id\":\"https:\/\/noticias.virgendenazaret.org.pe\/#organization\"},\"potentialAction\":[{\"@type\":\"SearchAction\",\"target\":{\"@type\":\"EntryPoint\",\"urlTemplate\":\"https:\/\/noticias.virgendenazaret.org.pe\/?s={search_term_string}\"},\"query-input\":\"required name=search_term_string\"}],\"inLanguage\":\"es\"},{\"@type\":\"Organization\",\"@id\":\"https:\/\/noticias.virgendenazaret.org.pe\/#organization\",\"name\":\"Parroquia Virgen de Nazaret El Agustino\",\"url\":\"https:\/\/noticias.virgendenazaret.org.pe\/\",\"logo\":{\"@type\":\"ImageObject\",\"inLanguage\":\"es\",\"@id\":\"https:\/\/noticias.virgendenazaret.org.pe\/#\/schema\/logo\/image\/\",\"url\":\"https:\/\/noticias.virgendenazaret.org.pe\/wp-content\/uploads\/2023\/04\/cropped-logo-fondo-blanco.jpg\",\"contentUrl\":\"https:\/\/noticias.virgendenazaret.org.pe\/wp-content\/uploads\/2023\/04\/cropped-logo-fondo-blanco.jpg\",\"width\":250,\"height\":93,\"caption\":\"Parroquia Virgen de Nazaret El Agustino\"},\"image\":{\"@id\":\"https:\/\/noticias.virgendenazaret.org.pe\/#\/schema\/logo\/image\/\"}},{\"@type\":\"Person\",\"@id\":\"https:\/\/noticias.virgendenazaret.org.pe\/#\/schema\/person\/e131954a863858d2c2f8d66e3e9fc0b8\",\"name\":\"Comunicaciones Nazaret\",\"image\":{\"@type\":\"ImageObject\",\"inLanguage\":\"es\",\"@id\":\"https:\/\/noticias.virgendenazaret.org.pe\/#\/schema\/person\/image\/\",\"url\":\"https:\/\/secure.gravatar.com\/avatar\/702beaefd3e7cbc9e83b5ef279eb8738698b2a835fb307ac4262d8060c681649?s=96&d=mm&r=g\",\"contentUrl\":\"https:\/\/secure.gravatar.com\/avatar\/702beaefd3e7cbc9e83b5ef279eb8738698b2a835fb307ac4262d8060c681649?s=96&d=mm&r=g\",\"caption\":\"Comunicaciones Nazaret\"},\"url\":\"https:\/\/noticias.virgendenazaret.org.pe\/?author=2\"}]}<\/script>\n<!-- \/ Yoast SEO plugin. -->","yoast_head_json":{"title":"Jornada de atenci\u00f3n legal y social para migrantes - Parroquia Virgen de Nazaret El Agustino","robots":{"index":"index","follow":"follow","max-snippet":"max-snippet:-1","max-image-preview":"max-image-preview:large","max-video-preview":"max-video-preview:-1"},"canonical":"https:\/\/noticias.virgendenazaret.org.pe\/?p=762","og_locale":"es_ES","og_type":"article","og_title":"Jornada de atenci\u00f3n legal y social para migrantes - Parroquia Virgen de Nazaret El Agustino","og_description":"El jueves 15 de setiembre de 2022 nuestra parroquia acogi\u00f3 a nuestros hermanos venezolanos en la jornada de atenci\u00f3n legal y social para personas","og_url":"https:\/\/noticias.virgendenazaret.org.pe\/?p=762","og_site_name":"Parroquia Virgen de Nazaret El Agustino","article_published_time":"2023-04-14T18:03:41+00:00","article_modified_time":"2023-04-14T22:12:01+00:00","og_image":[{"width":1080,"height":755,"url":"https:\/\/noticias.virgendenazaret.org.pe\/wp-content\/uploads\/2023\/04\/1-1.jpg","type":"image\/jpeg"}],"author":"Comunicaciones Nazaret","twitter_card":"summary_large_image","twitter_misc":{"Escrito por":"Comunicaciones Nazaret","Tiempo de lectura":"1 minuto"},"schema":{"@context":"https:\/\/schema.org","@graph":[{"@type":"Article","@id":"https:\/\/noticias.virgendenazaret.org.pe\/?p=762#article","isPartOf":{"@id":"https:\/\/noticias.virgendenazaret.org.pe\/?p=762"},"author":{"name":"Comunicaciones Nazaret","@id":"https:\/\/noticias.virgendenazaret.org.pe\/#\/schema\/person\/e131954a863858d2c2f8d66e3e9fc0b8"},"headline":"Jornada de atenci\u00f3n legal y social para migrantes","datePublished":"2023-04-14T18:03:41+00:00","dateModified":"2023-04-14T22:12:01+00:00","mainEntityOfPage":{"@id":"https:\/\/noticias.virgendenazaret.org.pe\/?p=762"},"wordCount":207,"commentCount":0,"publisher":{"@id":"https:\/\/noticias.virgendenazaret.org.pe\/#organization"},"articleSection":["Parroquia"],"inLanguage":"es","potentialAction":[{"@type":"CommentAction","name":"Comment","target":["https:\/\/noticias.virgendenazaret.org.pe\/?p=762#respond"]}]},{"@type":"WebPage","@id":"https:\/\/noticias.virgendenazaret.org.pe\/?p=762","url":"https:\/\/noticias.virgendenazaret.org.pe\/?p=762","name":"Jornada de atenci\u00f3n legal y social para migrantes - Parroquia Virgen de Nazaret El Agustino","isPartOf":{"@id":"https:\/\/noticias.virgendenazaret.org.pe\/#website"},"datePublished":"2023-04-14T18:03:41+00:00","dateModified":"2023-04-14T22:12:01+00:00","breadcrumb":{"@id":"https:\/\/noticias.virgendenazaret.org.pe\/?p=762#breadcrumb"},"inLanguage":"es","potentialAction":[{"@type":"ReadAction","target":["https:\/\/noticias.virgendenazaret.org.pe\/?p=762"]}]},{"@type":"BreadcrumbList","@id":"https:\/\/noticias.virgendenazaret.org.pe\/?p=762#breadcrumb","itemListElement":[{"@type":"ListItem","position":1,"name":"Portada","item":"https:\/\/noticias.virgendenazaret.org.pe\/"},{"@type":"ListItem","position":2,"name":"Jornada de atenci\u00f3n legal y social para migrantes"}]},{"@type":"WebSite","@id":"https:\/\/noticias.virgendenazaret.org.pe\/#website","url":"https:\/\/noticias.virgendenazaret.org.pe\/","name":"Parroquia Virgen de Nazaret El Agustino","description":"Parroquia Virgen de Nazaret El Agustino","publisher":{"@id":"https:\/\/noticias.virgendenazaret.org.pe\/#organization"},"potentialAction":[{"@type":"SearchAction","target":{"@type":"EntryPoint","urlTemplate":"https:\/\/noticias.virgendenazaret.org.pe\/?s={search_term_string}"},"query-input":"required name=search_term_string"}],"inLanguage":"es"},{"@type":"Organization","@id":"https:\/\/noticias.virgendenazaret.org.pe\/#organization","name":"Parroquia Virgen de Nazaret El Agustino","url":"https:\/\/noticias.virgendenazaret.org.pe\/","logo":{"@type":"ImageObject","inLanguage":"es","@id":"https:\/\/noticias.virgendenazaret.org.pe\/#\/schema\/logo\/image\/","url":"https:\/\/noticias.virgendenazaret.org.pe\/wp-content\/uploads\/2023\/04\/cropped-logo-fondo-blanco.jpg","contentUrl":"https:\/\/noticias.virgendenazaret.org.pe\/wp-content\/uploads\/2023\/04\/cropped-logo-fondo-blanco.jpg","width":250,"height":93,"caption":"Parroquia Virgen de Nazaret El Agustino"},"image":{"@id":"https:\/\/noticias.virgendenazaret.org.pe\/#\/schema\/logo\/image\/"}},{"@type":"Person","@id":"https:\/\/noticias.virgendenazaret.org.pe\/#\/schema\/person\/e131954a863858d2c2f8d66e3e9fc0b8","name":"Comunicaciones Nazaret","image":{"@type":"ImageObject","inLanguage":"es","@id":"https:\/\/noticias.virgendenazaret.org.pe\/#\/schema\/person\/image\/","url":"https:\/\/secure.gravatar.com\/avatar\/702beaefd3e7cbc9e83b5ef279eb8738698b2a835fb307ac4262d8060c681649?s=96&d=mm&r=g","contentUrl":"https:\/\/secure.gravatar.com\/avatar\/702beaefd3e7cbc9e83b5ef279eb8738698b2a835fb307ac4262d8060c681649?s=96&d=mm&r=g","caption":"Comunicaciones Nazaret"},"url":"https:\/\/noticias.virgendenazaret.org.pe\/?author=2"}]}},"_links":{"self":[{"href":"https:\/\/noticias.virgendenazaret.org.pe\/index.php?rest_route=\/wp\/v2\/posts\/762","targetHints":{"allow":["GET"]}}],"collection":[{"href":"https:\/\/noticias.virgendenazaret.org.pe\/index.php?rest_route=\/wp\/v2\/posts"}],"about":[{"href":"https:\/\/noticias.virgendenazaret.org.pe\/index.php?rest_route=\/wp\/v2\/types\/post"}],"author":[{"embeddable":true,"href":"https:\/\/noticias.virgendenazaret.org.pe\/index.php?rest_route=\/wp\/v2\/users\/2"}],"replies":[{"embeddable":true,"href":"https:\/\/noticias.virgendenazaret.org.pe\/index.php?rest_route=%2Fwp%2Fv2%2Fcomments&post=762"}],"version-history":[{"count":5,"href":"https:\/\/noticias.virgendenazaret.org.pe\/index.php?rest_route=\/wp\/v2\/posts\/762\/revisions"}],"predecessor-version":[{"id":775,"href":"https:\/\/noticias.virgendenazaret.org.pe\/index.php?rest_route=\/wp\/v2\/posts\/762\/revisions\/775"}],"wp:featuredmedia":[{"embeddable":true,"href":"https:\/\/noticias.virgendenazaret.org.pe\/index.php?rest_route=\/wp\/v2\/media\/769"}],"wp:attachment":[{"href":"https:\/\/noticias.virgendenazaret.org.pe\/index.php?rest_route=%2Fwp%2Fv2%2Fmedia&parent=762"}],"wp:term":[{"taxonomy":"category","embeddable":true,"href":"https:\/\/noticias.virgendenazaret.org.pe\/index.php?rest_route=%2Fwp%2Fv2%2Fcategories&post=762"},{"taxonomy":"post_tag","embeddable":true,"href":"https:\/\/noticias.virgendenazaret.org.pe\/index.php?rest_route=%2Fwp%2Fv2%2Ftags&post=762"}],"curies":[{"name":"wp","href":"https:\/\/api.w.org\/{rel}","templated":true}]}}