{"id":779,"date":"2023-04-14T18:24:20","date_gmt":"2023-04-14T18:24:20","guid":{"rendered":"https:\/\/noticias.virgendenazaret.org.pe\/?p=779"},"modified":"2023-04-14T18:24:20","modified_gmt":"2023-04-14T18:24:20","slug":"institucion-de-ministros-extraordinarios-de-la-comunion-y-de-la-palabra","status":"publish","type":"post","link":"https:\/\/noticias.virgendenazaret.org.pe\/?p=779","title":{"rendered":"Instituci\u00f3n de Ministros Extraordinarios de la Comuni\u00f3n y de la Palabra"},"content":{"rendered":"<p>El pasado 8 y 9 de octubre de 2022 se desarroll\u00f3 la Instituci\u00f3n de Ministros Extraordinarios de la Comuni\u00f3n y de la Palabra en 5 capillas de El Agustino. El curso fue dictado por el Presidente de la CPAL P. Roberto Jaramillo SJ. y tuvo una duraci\u00f3n aproximada de 5 meses. Recordemos que, seg\u00fan el Canon 910, p\u00e1rrafo 2 del mismo c\u00f3digo, se considera como ministro extraordinario de la Sagrada Comuni\u00f3n, a aquellos fieles que bajo el parecer del P\u00e1rroco del lugar son id\u00f3neos para desempe\u00f1ar el servicio de ministro extraordinario de la Palabra y de la distribuci\u00f3n de la Santa Eucarist\u00eda, ya sea a enfermos o dentro de la misma celebraci\u00f3n Eucar\u00edstica. Dicho esto, se instituyeron 14 miembros en las siguientes capillas:<br \/>\n&#8211; Capilla Virgen del Carmen<br \/>\n&#8211; Capilla San Judas Tadeo<br \/>\n&#8211; Capilla San Francisco Javier<br \/>\n&#8211; Capilla Nuestra Se\u00f1ora de la Merced<br \/>\n&#8211; Parroquia La Virgen de Nazaret<br \/>\nLa Eucarist\u00eda fue presidida por nuestro p\u00e1rroco Miguel Arrieta SJ., vicario P. Pedro Oblitas SJ.<br \/>\ny P. Roberto Jaramillo SJ. distribuidos en distintas comunidades de nuestro distrito.<br \/>\nBajo la promesa de ser fieles ap\u00f3stoles de la Palabra y de la distribuci\u00f3n de la Santa Eucarist\u00eda<br \/>\nas\u00ed culmin\u00f3 la jornada de instituci\u00f3n de ministros que a partir de octubre ejercer\u00e1n tan bella<br \/>\nfunci\u00f3n dentro del territorio que comprende la Parroquia Virgen de Nazaret por el periodo de<br \/>\ndos a\u00f1os.<\/p>\n<p><img loading=\"lazy\" decoding=\"async\" class=\"size-large wp-image-783 aligncenter\" src=\"https:\/\/noticias.virgendenazaret.org.pe\/wp-content\/uploads\/2023\/04\/4-1-1024x719.jpg\" alt=\"Parroquia Virgen de Nazaret El Agustino\" width=\"715\" height=\"502\" srcset=\"https:\/\/noticias.virgendenazaret.org.pe\/wp-content\/uploads\/2023\/04\/4-1-1024x719.jpg 1024w, https:\/\/noticias.virgendenazaret.org.pe\/wp-content\/uploads\/2023\/04\/4-1-300x211.jpg 300w, https:\/\/noticias.virgendenazaret.org.pe\/wp-content\/uploads\/2023\/04\/4-1-768x539.jpg 768w, https:\/\/noticias.virgendenazaret.org.pe\/wp-content\/uploads\/2023\/04\/4-1.jpg 1080w\" sizes=\"auto, (max-width: 715px) 100vw, 715px\" \/><\/p>\n<p>&nbsp;<\/p>\n<p><img loading=\"lazy\" decoding=\"async\" class=\"size-large wp-image-782 aligncenter\" src=\"https:\/\/noticias.virgendenazaret.org.pe\/wp-content\/uploads\/2023\/04\/3-1-1024x768.jpg\" alt=\"Parroquia Virgen de Nazaret El Agustino\" width=\"715\" height=\"536\" srcset=\"https:\/\/noticias.virgendenazaret.org.pe\/wp-content\/uploads\/2023\/04\/3-1-1024x768.jpg 1024w, https:\/\/noticias.virgendenazaret.org.pe\/wp-content\/uploads\/2023\/04\/3-1-300x225.jpg 300w, https:\/\/noticias.virgendenazaret.org.pe\/wp-content\/uploads\/2023\/04\/3-1-768x576.jpg 768w, https:\/\/noticias.virgendenazaret.org.pe\/wp-content\/uploads\/2023\/04\/3-1.jpg 1080w\" sizes=\"auto, (max-width: 715px) 100vw, 715px\" \/><\/p>\n<p>&nbsp;<\/p>\n<p><img loading=\"lazy\" decoding=\"async\" class=\"size-large wp-image-781 aligncenter\" src=\"https:\/\/noticias.virgendenazaret.org.pe\/wp-content\/uploads\/2023\/04\/2-3-1024x731.jpg\" alt=\"Parroquia Virgen de Nazaret El Agustino\" width=\"715\" height=\"510\" srcset=\"https:\/\/noticias.virgendenazaret.org.pe\/wp-content\/uploads\/2023\/04\/2-3-1024x731.jpg 1024w, https:\/\/noticias.virgendenazaret.org.pe\/wp-content\/uploads\/2023\/04\/2-3-300x214.jpg 300w, https:\/\/noticias.virgendenazaret.org.pe\/wp-content\/uploads\/2023\/04\/2-3-768x548.jpg 768w, https:\/\/noticias.virgendenazaret.org.pe\/wp-content\/uploads\/2023\/04\/2-3.jpg 1080w\" sizes=\"auto, (max-width: 715px) 100vw, 715px\" \/><\/p>\n","protected":false},"excerpt":{"rendered":"<p>El pasado 8 y 9 de octubre de 2022 se desarroll\u00f3 la Instituci\u00f3n de Ministros Extraordinarios de la Comuni\u00f3n y de la Palabra en<\/p>\n","protected":false},"author":2,"featured_media":780,"comment_status":"open","ping_status":"open","sticky":false,"template":"","format":"standard","meta":{"footnotes":""},"categories":[104],"tags":[],"class_list":["post-779","post","type-post","status-publish","format-standard","has-post-thumbnail","hentry","category-parroquia"],"yoast_head":"<!-- This site is optimized with the Yoast SEO plugin v20.6 - https:\/\/yoast.com\/wordpress\/plugins\/seo\/ -->\n<title>Instituci\u00f3n de Ministros Extraordinarios de la Comuni\u00f3n y de la Palabra - Parroquia Virgen de Nazaret El Agustino<\/title>\n<meta name=\"robots\" content=\"index, follow, max-snippet:-1, max-image-preview:large, max-video-preview:-1\" \/>\n<link rel=\"canonical\" href=\"https:\/\/noticias.virgendenazaret.org.pe\/?p=779\" \/>\n<meta property=\"og:locale\" content=\"es_ES\" \/>\n<meta property=\"og:type\" content=\"article\" \/>\n<meta property=\"og:title\" content=\"Instituci\u00f3n de Ministros Extraordinarios de la Comuni\u00f3n y de la Palabra - Parroquia Virgen de Nazaret El Agustino\" \/>\n<meta property=\"og:description\" content=\"El pasado 8 y 9 de octubre de 2022 se desarroll\u00f3 la Instituci\u00f3n de Ministros Extraordinarios de la Comuni\u00f3n y de la Palabra en\" \/>\n<meta property=\"og:url\" content=\"https:\/\/noticias.virgendenazaret.org.pe\/?p=779\" \/>\n<meta property=\"og:site_name\" content=\"Parroquia Virgen de Nazaret El Agustino\" \/>\n<meta property=\"article:published_time\" content=\"2023-04-14T18:24:20+00:00\" \/>\n<meta property=\"og:image\" content=\"https:\/\/noticias.virgendenazaret.org.pe\/wp-content\/uploads\/2023\/04\/1-2.jpg\" \/>\n\t<meta property=\"og:image:width\" content=\"1080\" \/>\n\t<meta property=\"og:image:height\" content=\"778\" \/>\n\t<meta property=\"og:image:type\" content=\"image\/jpeg\" \/>\n<meta name=\"author\" content=\"Comunicaciones Nazaret\" \/>\n<meta name=\"twitter:card\" content=\"summary_large_image\" \/>\n<meta name=\"twitter:label1\" content=\"Escrito por\" \/>\n\t<meta name=\"twitter:data1\" content=\"Comunicaciones Nazaret\" \/>\n\t<meta name=\"twitter:label2\" content=\"Tiempo de lectura\" \/>\n\t<meta name=\"twitter:data2\" content=\"1 minuto\" \/>\n<script type=\"application\/ld+json\" class=\"yoast-schema-graph\">{\"@context\":\"https:\/\/schema.org\",\"@graph\":[{\"@type\":\"Article\",\"@id\":\"https:\/\/noticias.virgendenazaret.org.pe\/?p=779#article\",\"isPartOf\":{\"@id\":\"https:\/\/noticias.virgendenazaret.org.pe\/?p=779\"},\"author\":{\"name\":\"Comunicaciones Nazaret\",\"@id\":\"https:\/\/noticias.virgendenazaret.org.pe\/#\/schema\/person\/e131954a863858d2c2f8d66e3e9fc0b8\"},\"headline\":\"Instituci\u00f3n de Ministros Extraordinarios de la Comuni\u00f3n y de la Palabra\",\"datePublished\":\"2023-04-14T18:24:20+00:00\",\"dateModified\":\"2023-04-14T18:24:20+00:00\",\"mainEntityOfPage\":{\"@id\":\"https:\/\/noticias.virgendenazaret.org.pe\/?p=779\"},\"wordCount\":260,\"commentCount\":0,\"publisher\":{\"@id\":\"https:\/\/noticias.virgendenazaret.org.pe\/#organization\"},\"articleSection\":[\"Parroquia\"],\"inLanguage\":\"es\",\"potentialAction\":[{\"@type\":\"CommentAction\",\"name\":\"Comment\",\"target\":[\"https:\/\/noticias.virgendenazaret.org.pe\/?p=779#respond\"]}]},{\"@type\":\"WebPage\",\"@id\":\"https:\/\/noticias.virgendenazaret.org.pe\/?p=779\",\"url\":\"https:\/\/noticias.virgendenazaret.org.pe\/?p=779\",\"name\":\"Instituci\u00f3n de Ministros Extraordinarios de la Comuni\u00f3n y de la Palabra - Parroquia Virgen de Nazaret El Agustino\",\"isPartOf\":{\"@id\":\"https:\/\/noticias.virgendenazaret.org.pe\/#website\"},\"datePublished\":\"2023-04-14T18:24:20+00:00\",\"dateModified\":\"2023-04-14T18:24:20+00:00\",\"breadcrumb\":{\"@id\":\"https:\/\/noticias.virgendenazaret.org.pe\/?p=779#breadcrumb\"},\"inLanguage\":\"es\",\"potentialAction\":[{\"@type\":\"ReadAction\",\"target\":[\"https:\/\/noticias.virgendenazaret.org.pe\/?p=779\"]}]},{\"@type\":\"BreadcrumbList\",\"@id\":\"https:\/\/noticias.virgendenazaret.org.pe\/?p=779#breadcrumb\",\"itemListElement\":[{\"@type\":\"ListItem\",\"position\":1,\"name\":\"Portada\",\"item\":\"https:\/\/noticias.virgendenazaret.org.pe\/\"},{\"@type\":\"ListItem\",\"position\":2,\"name\":\"Instituci\u00f3n de Ministros Extraordinarios de la Comuni\u00f3n y de la Palabra\"}]},{\"@type\":\"WebSite\",\"@id\":\"https:\/\/noticias.virgendenazaret.org.pe\/#website\",\"url\":\"https:\/\/noticias.virgendenazaret.org.pe\/\",\"name\":\"Parroquia Virgen de Nazaret El Agustino\",\"description\":\"Parroquia Virgen de Nazaret El Agustino\",\"publisher\":{\"@id\":\"https:\/\/noticias.virgendenazaret.org.pe\/#organization\"},\"potentialAction\":[{\"@type\":\"SearchAction\",\"target\":{\"@type\":\"EntryPoint\",\"urlTemplate\":\"https:\/\/noticias.virgendenazaret.org.pe\/?s={search_term_string}\"},\"query-input\":\"required name=search_term_string\"}],\"inLanguage\":\"es\"},{\"@type\":\"Organization\",\"@id\":\"https:\/\/noticias.virgendenazaret.org.pe\/#organization\",\"name\":\"Parroquia Virgen de Nazaret El Agustino\",\"url\":\"https:\/\/noticias.virgendenazaret.org.pe\/\",\"logo\":{\"@type\":\"ImageObject\",\"inLanguage\":\"es\",\"@id\":\"https:\/\/noticias.virgendenazaret.org.pe\/#\/schema\/logo\/image\/\",\"url\":\"https:\/\/noticias.virgendenazaret.org.pe\/wp-content\/uploads\/2023\/04\/cropped-logo-fondo-blanco.jpg\",\"contentUrl\":\"https:\/\/noticias.virgendenazaret.org.pe\/wp-content\/uploads\/2023\/04\/cropped-logo-fondo-blanco.jpg\",\"width\":250,\"height\":93,\"caption\":\"Parroquia Virgen de Nazaret El Agustino\"},\"image\":{\"@id\":\"https:\/\/noticias.virgendenazaret.org.pe\/#\/schema\/logo\/image\/\"}},{\"@type\":\"Person\",\"@id\":\"https:\/\/noticias.virgendenazaret.org.pe\/#\/schema\/person\/e131954a863858d2c2f8d66e3e9fc0b8\",\"name\":\"Comunicaciones Nazaret\",\"image\":{\"@type\":\"ImageObject\",\"inLanguage\":\"es\",\"@id\":\"https:\/\/noticias.virgendenazaret.org.pe\/#\/schema\/person\/image\/\",\"url\":\"https:\/\/secure.gravatar.com\/avatar\/702beaefd3e7cbc9e83b5ef279eb8738698b2a835fb307ac4262d8060c681649?s=96&d=mm&r=g\",\"contentUrl\":\"https:\/\/secure.gravatar.com\/avatar\/702beaefd3e7cbc9e83b5ef279eb8738698b2a835fb307ac4262d8060c681649?s=96&d=mm&r=g\",\"caption\":\"Comunicaciones Nazaret\"},\"url\":\"https:\/\/noticias.virgendenazaret.org.pe\/?author=2\"}]}<\/script>\n<!-- \/ Yoast SEO plugin. -->","yoast_head_json":{"title":"Instituci\u00f3n de Ministros Extraordinarios de la Comuni\u00f3n y de la Palabra - Parroquia Virgen de Nazaret El Agustino","robots":{"index":"index","follow":"follow","max-snippet":"max-snippet:-1","max-image-preview":"max-image-preview:large","max-video-preview":"max-video-preview:-1"},"canonical":"https:\/\/noticias.virgendenazaret.org.pe\/?p=779","og_locale":"es_ES","og_type":"article","og_title":"Instituci\u00f3n de Ministros Extraordinarios de la Comuni\u00f3n y de la Palabra - Parroquia Virgen de Nazaret El Agustino","og_description":"El pasado 8 y 9 de octubre de 2022 se desarroll\u00f3 la Instituci\u00f3n de Ministros Extraordinarios de la Comuni\u00f3n y de la Palabra en","og_url":"https:\/\/noticias.virgendenazaret.org.pe\/?p=779","og_site_name":"Parroquia Virgen de Nazaret El Agustino","article_published_time":"2023-04-14T18:24:20+00:00","og_image":[{"width":1080,"height":778,"url":"https:\/\/noticias.virgendenazaret.org.pe\/wp-content\/uploads\/2023\/04\/1-2.jpg","type":"image\/jpeg"}],"author":"Comunicaciones Nazaret","twitter_card":"summary_large_image","twitter_misc":{"Escrito por":"Comunicaciones Nazaret","Tiempo de lectura":"1 minuto"},"schema":{"@context":"https:\/\/schema.org","@graph":[{"@type":"Article","@id":"https:\/\/noticias.virgendenazaret.org.pe\/?p=779#article","isPartOf":{"@id":"https:\/\/noticias.virgendenazaret.org.pe\/?p=779"},"author":{"name":"Comunicaciones Nazaret","@id":"https:\/\/noticias.virgendenazaret.org.pe\/#\/schema\/person\/e131954a863858d2c2f8d66e3e9fc0b8"},"headline":"Instituci\u00f3n de Ministros Extraordinarios de la Comuni\u00f3n y de la Palabra","datePublished":"2023-04-14T18:24:20+00:00","dateModified":"2023-04-14T18:24:20+00:00","mainEntityOfPage":{"@id":"https:\/\/noticias.virgendenazaret.org.pe\/?p=779"},"wordCount":260,"commentCount":0,"publisher":{"@id":"https:\/\/noticias.virgendenazaret.org.pe\/#organization"},"articleSection":["Parroquia"],"inLanguage":"es","potentialAction":[{"@type":"CommentAction","name":"Comment","target":["https:\/\/noticias.virgendenazaret.org.pe\/?p=779#respond"]}]},{"@type":"WebPage","@id":"https:\/\/noticias.virgendenazaret.org.pe\/?p=779","url":"https:\/\/noticias.virgendenazaret.org.pe\/?p=779","name":"Instituci\u00f3n de Ministros Extraordinarios de la Comuni\u00f3n y de la Palabra - Parroquia Virgen de Nazaret El Agustino","isPartOf":{"@id":"https:\/\/noticias.virgendenazaret.org.pe\/#website"},"datePublished":"2023-04-14T18:24:20+00:00","dateModified":"2023-04-14T18:24:20+00:00","breadcrumb":{"@id":"https:\/\/noticias.virgendenazaret.org.pe\/?p=779#breadcrumb"},"inLanguage":"es","potentialAction":[{"@type":"ReadAction","target":["https:\/\/noticias.virgendenazaret.org.pe\/?p=779"]}]},{"@type":"BreadcrumbList","@id":"https:\/\/noticias.virgendenazaret.org.pe\/?p=779#breadcrumb","itemListElement":[{"@type":"ListItem","position":1,"name":"Portada","item":"https:\/\/noticias.virgendenazaret.org.pe\/"},{"@type":"ListItem","position":2,"name":"Instituci\u00f3n de Ministros Extraordinarios de la Comuni\u00f3n y de la Palabra"}]},{"@type":"WebSite","@id":"https:\/\/noticias.virgendenazaret.org.pe\/#website","url":"https:\/\/noticias.virgendenazaret.org.pe\/","name":"Parroquia Virgen de Nazaret El Agustino","description":"Parroquia Virgen de Nazaret El Agustino","publisher":{"@id":"https:\/\/noticias.virgendenazaret.org.pe\/#organization"},"potentialAction":[{"@type":"SearchAction","target":{"@type":"EntryPoint","urlTemplate":"https:\/\/noticias.virgendenazaret.org.pe\/?s={search_term_string}"},"query-input":"required name=search_term_string"}],"inLanguage":"es"},{"@type":"Organization","@id":"https:\/\/noticias.virgendenazaret.org.pe\/#organization","name":"Parroquia Virgen de Nazaret El Agustino","url":"https:\/\/noticias.virgendenazaret.org.pe\/","logo":{"@type":"ImageObject","inLanguage":"es","@id":"https:\/\/noticias.virgendenazaret.org.pe\/#\/schema\/logo\/image\/","url":"https:\/\/noticias.virgendenazaret.org.pe\/wp-content\/uploads\/2023\/04\/cropped-logo-fondo-blanco.jpg","contentUrl":"https:\/\/noticias.virgendenazaret.org.pe\/wp-content\/uploads\/2023\/04\/cropped-logo-fondo-blanco.jpg","width":250,"height":93,"caption":"Parroquia Virgen de Nazaret El Agustino"},"image":{"@id":"https:\/\/noticias.virgendenazaret.org.pe\/#\/schema\/logo\/image\/"}},{"@type":"Person","@id":"https:\/\/noticias.virgendenazaret.org.pe\/#\/schema\/person\/e131954a863858d2c2f8d66e3e9fc0b8","name":"Comunicaciones Nazaret","image":{"@type":"ImageObject","inLanguage":"es","@id":"https:\/\/noticias.virgendenazaret.org.pe\/#\/schema\/person\/image\/","url":"https:\/\/secure.gravatar.com\/avatar\/702beaefd3e7cbc9e83b5ef279eb8738698b2a835fb307ac4262d8060c681649?s=96&d=mm&r=g","contentUrl":"https:\/\/secure.gravatar.com\/avatar\/702beaefd3e7cbc9e83b5ef279eb8738698b2a835fb307ac4262d8060c681649?s=96&d=mm&r=g","caption":"Comunicaciones Nazaret"},"url":"https:\/\/noticias.virgendenazaret.org.pe\/?author=2"}]}},"_links":{"self":[{"href":"https:\/\/noticias.virgendenazaret.org.pe\/index.php?rest_route=\/wp\/v2\/posts\/779","targetHints":{"allow":["GET"]}}],"collection":[{"href":"https:\/\/noticias.virgendenazaret.org.pe\/index.php?rest_route=\/wp\/v2\/posts"}],"about":[{"href":"https:\/\/noticias.virgendenazaret.org.pe\/index.php?rest_route=\/wp\/v2\/types\/post"}],"author":[{"embeddable":true,"href":"https:\/\/noticias.virgendenazaret.org.pe\/index.php?rest_route=\/wp\/v2\/users\/2"}],"replies":[{"embeddable":true,"href":"https:\/\/noticias.virgendenazaret.org.pe\/index.php?rest_route=%2Fwp%2Fv2%2Fcomments&post=779"}],"version-history":[{"count":2,"href":"https:\/\/noticias.virgendenazaret.org.pe\/index.php?rest_route=\/wp\/v2\/posts\/779\/revisions"}],"predecessor-version":[{"id":785,"href":"https:\/\/noticias.virgendenazaret.org.pe\/index.php?rest_route=\/wp\/v2\/posts\/779\/revisions\/785"}],"wp:featuredmedia":[{"embeddable":true,"href":"https:\/\/noticias.virgendenazaret.org.pe\/index.php?rest_route=\/wp\/v2\/media\/780"}],"wp:attachment":[{"href":"https:\/\/noticias.virgendenazaret.org.pe\/index.php?rest_route=%2Fwp%2Fv2%2Fmedia&parent=779"}],"wp:term":[{"taxonomy":"category","embeddable":true,"href":"https:\/\/noticias.virgendenazaret.org.pe\/index.php?rest_route=%2Fwp%2Fv2%2Fcategories&post=779"},{"taxonomy":"post_tag","embeddable":true,"href":"https:\/\/noticias.virgendenazaret.org.pe\/index.php?rest_route=%2Fwp%2Fv2%2Ftags&post=779"}],"curies":[{"name":"wp","href":"https:\/\/api.w.org\/{rel}","templated":true}]}}