{"id":786,"date":"2023-04-14T19:24:16","date_gmt":"2023-04-14T19:24:16","guid":{"rendered":"https:\/\/noticias.virgendenazaret.org.pe\/?p=786"},"modified":"2023-04-14T19:29:47","modified_gmt":"2023-04-14T19:29:47","slug":"confirmacion-2022","status":"publish","type":"post","link":"https:\/\/noticias.virgendenazaret.org.pe\/?p=786","title":{"rendered":"Confirmaci\u00f3n 2022"},"content":{"rendered":"<p>66 j\u00f3venes recibieron el sacramento de la Confirmaci\u00f3n, la ceremonia fue presidida por el Monse\u00f1or Guillermo Cornejo, Obispo Auxiliar de Lima, en ella, se vio reflejada la esperanza de los j\u00f3venes por un cambio en sus vidas y lo que hay a su alrededor, han caminado conoci\u00e9ndose, sabiendo algo m\u00e1s de sus barrios y sobre todo como encontrar a Jes\u00fas en sus vidas.<br \/>\nLa preparaci\u00f3n ha sido una de las experiencias m\u00e1s hermosas despu\u00e9s de estos dos a\u00f1os de pandemia ya que han podido compartir sus vivencias en la presencialidad y eso ha ayudado a poder sumar amigos en sus vidas.<\/p>\n<p><img loading=\"lazy\" decoding=\"async\" class=\"size-large wp-image-788 aligncenter\" src=\"https:\/\/noticias.virgendenazaret.org.pe\/wp-content\/uploads\/2023\/04\/2-4-1024x683.jpg\" alt=\"Parroquia Virgen de Nazaret\" width=\"715\" height=\"477\" srcset=\"https:\/\/noticias.virgendenazaret.org.pe\/wp-content\/uploads\/2023\/04\/2-4-1024x683.jpg 1024w, https:\/\/noticias.virgendenazaret.org.pe\/wp-content\/uploads\/2023\/04\/2-4-300x200.jpg 300w, https:\/\/noticias.virgendenazaret.org.pe\/wp-content\/uploads\/2023\/04\/2-4-768x512.jpg 768w, https:\/\/noticias.virgendenazaret.org.pe\/wp-content\/uploads\/2023\/04\/2-4.jpg 1080w\" sizes=\"auto, (max-width: 715px) 100vw, 715px\" \/><\/p>\n<p>&nbsp;<\/p>\n<p><img loading=\"lazy\" decoding=\"async\" class=\"size-large wp-image-789 aligncenter\" src=\"https:\/\/noticias.virgendenazaret.org.pe\/wp-content\/uploads\/2023\/04\/3-2-1024x683.jpg\" alt=\"Parroquia Virgen de Nazaret\" width=\"715\" height=\"477\" srcset=\"https:\/\/noticias.virgendenazaret.org.pe\/wp-content\/uploads\/2023\/04\/3-2-1024x683.jpg 1024w, https:\/\/noticias.virgendenazaret.org.pe\/wp-content\/uploads\/2023\/04\/3-2-300x200.jpg 300w, https:\/\/noticias.virgendenazaret.org.pe\/wp-content\/uploads\/2023\/04\/3-2-768x512.jpg 768w, https:\/\/noticias.virgendenazaret.org.pe\/wp-content\/uploads\/2023\/04\/3-2.jpg 1080w\" sizes=\"auto, (max-width: 715px) 100vw, 715px\" \/><\/p>\n<p>&nbsp;<\/p>\n<p><img loading=\"lazy\" decoding=\"async\" class=\"size-large wp-image-790 aligncenter\" src=\"https:\/\/noticias.virgendenazaret.org.pe\/wp-content\/uploads\/2023\/04\/4-2-1024x683.jpg\" alt=\"Parroquia Virgen de Nazaret\" width=\"715\" height=\"477\" srcset=\"https:\/\/noticias.virgendenazaret.org.pe\/wp-content\/uploads\/2023\/04\/4-2-1024x683.jpg 1024w, https:\/\/noticias.virgendenazaret.org.pe\/wp-content\/uploads\/2023\/04\/4-2-300x200.jpg 300w, https:\/\/noticias.virgendenazaret.org.pe\/wp-content\/uploads\/2023\/04\/4-2-768x512.jpg 768w, https:\/\/noticias.virgendenazaret.org.pe\/wp-content\/uploads\/2023\/04\/4-2.jpg 1080w\" sizes=\"auto, (max-width: 715px) 100vw, 715px\" \/><\/p>\n<p>&nbsp;<\/p>\n<p><img loading=\"lazy\" decoding=\"async\" class=\"size-large wp-image-791 aligncenter\" src=\"https:\/\/noticias.virgendenazaret.org.pe\/wp-content\/uploads\/2023\/04\/5-1024x708.jpg\" alt=\"Parroquia Virgen de Nazaret\" width=\"715\" height=\"494\" srcset=\"https:\/\/noticias.virgendenazaret.org.pe\/wp-content\/uploads\/2023\/04\/5-1024x708.jpg 1024w, https:\/\/noticias.virgendenazaret.org.pe\/wp-content\/uploads\/2023\/04\/5-300x208.jpg 300w, https:\/\/noticias.virgendenazaret.org.pe\/wp-content\/uploads\/2023\/04\/5-768x531.jpg 768w, https:\/\/noticias.virgendenazaret.org.pe\/wp-content\/uploads\/2023\/04\/5.jpg 1080w\" sizes=\"auto, (max-width: 715px) 100vw, 715px\" \/><\/p>\n","protected":false},"excerpt":{"rendered":"<p>66 j\u00f3venes recibieron el sacramento de la Confirmaci\u00f3n, la ceremonia fue presidida por el Monse\u00f1or Guillermo Cornejo, Obispo Auxiliar de Lima, en ella, se<\/p>\n","protected":false},"author":2,"featured_media":787,"comment_status":"open","ping_status":"open","sticky":false,"template":"","format":"standard","meta":{"footnotes":""},"categories":[104],"tags":[],"class_list":["post-786","post","type-post","status-publish","format-standard","has-post-thumbnail","hentry","category-parroquia"],"yoast_head":"<!-- This site is optimized with the Yoast SEO plugin v20.6 - https:\/\/yoast.com\/wordpress\/plugins\/seo\/ -->\n<title>Confirmaci\u00f3n 2022 - Parroquia Virgen de Nazaret El Agustino<\/title>\n<meta name=\"robots\" content=\"index, follow, max-snippet:-1, max-image-preview:large, max-video-preview:-1\" \/>\n<link rel=\"canonical\" href=\"https:\/\/noticias.virgendenazaret.org.pe\/?p=786\" \/>\n<meta property=\"og:locale\" content=\"es_ES\" \/>\n<meta property=\"og:type\" content=\"article\" \/>\n<meta property=\"og:title\" content=\"Confirmaci\u00f3n 2022 - Parroquia Virgen de Nazaret El Agustino\" \/>\n<meta property=\"og:description\" content=\"66 j\u00f3venes recibieron el sacramento de la Confirmaci\u00f3n, la ceremonia fue presidida por el Monse\u00f1or Guillermo Cornejo, Obispo Auxiliar de Lima, en ella, se\" \/>\n<meta property=\"og:url\" content=\"https:\/\/noticias.virgendenazaret.org.pe\/?p=786\" \/>\n<meta property=\"og:site_name\" content=\"Parroquia Virgen de Nazaret El Agustino\" \/>\n<meta property=\"article:published_time\" content=\"2023-04-14T19:24:16+00:00\" \/>\n<meta property=\"article:modified_time\" content=\"2023-04-14T19:29:47+00:00\" \/>\n<meta property=\"og:image\" content=\"https:\/\/noticias.virgendenazaret.org.pe\/wp-content\/uploads\/2023\/04\/1-3.jpg\" \/>\n\t<meta property=\"og:image:width\" content=\"1080\" \/>\n\t<meta property=\"og:image:height\" content=\"592\" \/>\n\t<meta property=\"og:image:type\" content=\"image\/jpeg\" \/>\n<meta name=\"author\" content=\"Comunicaciones Nazaret\" \/>\n<meta name=\"twitter:card\" content=\"summary_large_image\" \/>\n<meta name=\"twitter:label1\" content=\"Escrito por\" \/>\n\t<meta name=\"twitter:data1\" content=\"Comunicaciones Nazaret\" \/>\n\t<meta name=\"twitter:label2\" content=\"Tiempo de lectura\" \/>\n\t<meta name=\"twitter:data2\" content=\"1 minuto\" \/>\n<script type=\"application\/ld+json\" class=\"yoast-schema-graph\">{\"@context\":\"https:\/\/schema.org\",\"@graph\":[{\"@type\":\"Article\",\"@id\":\"https:\/\/noticias.virgendenazaret.org.pe\/?p=786#article\",\"isPartOf\":{\"@id\":\"https:\/\/noticias.virgendenazaret.org.pe\/?p=786\"},\"author\":{\"name\":\"Comunicaciones Nazaret\",\"@id\":\"https:\/\/noticias.virgendenazaret.org.pe\/#\/schema\/person\/e131954a863858d2c2f8d66e3e9fc0b8\"},\"headline\":\"Confirmaci\u00f3n 2022\",\"datePublished\":\"2023-04-14T19:24:16+00:00\",\"dateModified\":\"2023-04-14T19:29:47+00:00\",\"mainEntityOfPage\":{\"@id\":\"https:\/\/noticias.virgendenazaret.org.pe\/?p=786\"},\"wordCount\":116,\"commentCount\":0,\"publisher\":{\"@id\":\"https:\/\/noticias.virgendenazaret.org.pe\/#organization\"},\"articleSection\":[\"Parroquia\"],\"inLanguage\":\"es\",\"potentialAction\":[{\"@type\":\"CommentAction\",\"name\":\"Comment\",\"target\":[\"https:\/\/noticias.virgendenazaret.org.pe\/?p=786#respond\"]}]},{\"@type\":\"WebPage\",\"@id\":\"https:\/\/noticias.virgendenazaret.org.pe\/?p=786\",\"url\":\"https:\/\/noticias.virgendenazaret.org.pe\/?p=786\",\"name\":\"Confirmaci\u00f3n 2022 - Parroquia Virgen de Nazaret El Agustino\",\"isPartOf\":{\"@id\":\"https:\/\/noticias.virgendenazaret.org.pe\/#website\"},\"datePublished\":\"2023-04-14T19:24:16+00:00\",\"dateModified\":\"2023-04-14T19:29:47+00:00\",\"breadcrumb\":{\"@id\":\"https:\/\/noticias.virgendenazaret.org.pe\/?p=786#breadcrumb\"},\"inLanguage\":\"es\",\"potentialAction\":[{\"@type\":\"ReadAction\",\"target\":[\"https:\/\/noticias.virgendenazaret.org.pe\/?p=786\"]}]},{\"@type\":\"BreadcrumbList\",\"@id\":\"https:\/\/noticias.virgendenazaret.org.pe\/?p=786#breadcrumb\",\"itemListElement\":[{\"@type\":\"ListItem\",\"position\":1,\"name\":\"Portada\",\"item\":\"https:\/\/noticias.virgendenazaret.org.pe\/\"},{\"@type\":\"ListItem\",\"position\":2,\"name\":\"Confirmaci\u00f3n 2022\"}]},{\"@type\":\"WebSite\",\"@id\":\"https:\/\/noticias.virgendenazaret.org.pe\/#website\",\"url\":\"https:\/\/noticias.virgendenazaret.org.pe\/\",\"name\":\"Parroquia Virgen de Nazaret El Agustino\",\"description\":\"Parroquia Virgen de Nazaret El Agustino\",\"publisher\":{\"@id\":\"https:\/\/noticias.virgendenazaret.org.pe\/#organization\"},\"potentialAction\":[{\"@type\":\"SearchAction\",\"target\":{\"@type\":\"EntryPoint\",\"urlTemplate\":\"https:\/\/noticias.virgendenazaret.org.pe\/?s={search_term_string}\"},\"query-input\":\"required name=search_term_string\"}],\"inLanguage\":\"es\"},{\"@type\":\"Organization\",\"@id\":\"https:\/\/noticias.virgendenazaret.org.pe\/#organization\",\"name\":\"Parroquia Virgen de Nazaret El Agustino\",\"url\":\"https:\/\/noticias.virgendenazaret.org.pe\/\",\"logo\":{\"@type\":\"ImageObject\",\"inLanguage\":\"es\",\"@id\":\"https:\/\/noticias.virgendenazaret.org.pe\/#\/schema\/logo\/image\/\",\"url\":\"https:\/\/noticias.virgendenazaret.org.pe\/wp-content\/uploads\/2023\/04\/cropped-logo-fondo-blanco.jpg\",\"contentUrl\":\"https:\/\/noticias.virgendenazaret.org.pe\/wp-content\/uploads\/2023\/04\/cropped-logo-fondo-blanco.jpg\",\"width\":250,\"height\":93,\"caption\":\"Parroquia Virgen de Nazaret El Agustino\"},\"image\":{\"@id\":\"https:\/\/noticias.virgendenazaret.org.pe\/#\/schema\/logo\/image\/\"}},{\"@type\":\"Person\",\"@id\":\"https:\/\/noticias.virgendenazaret.org.pe\/#\/schema\/person\/e131954a863858d2c2f8d66e3e9fc0b8\",\"name\":\"Comunicaciones Nazaret\",\"image\":{\"@type\":\"ImageObject\",\"inLanguage\":\"es\",\"@id\":\"https:\/\/noticias.virgendenazaret.org.pe\/#\/schema\/person\/image\/\",\"url\":\"https:\/\/secure.gravatar.com\/avatar\/702beaefd3e7cbc9e83b5ef279eb8738698b2a835fb307ac4262d8060c681649?s=96&d=mm&r=g\",\"contentUrl\":\"https:\/\/secure.gravatar.com\/avatar\/702beaefd3e7cbc9e83b5ef279eb8738698b2a835fb307ac4262d8060c681649?s=96&d=mm&r=g\",\"caption\":\"Comunicaciones Nazaret\"},\"url\":\"https:\/\/noticias.virgendenazaret.org.pe\/?author=2\"}]}<\/script>\n<!-- \/ Yoast SEO plugin. -->","yoast_head_json":{"title":"Confirmaci\u00f3n 2022 - Parroquia Virgen de Nazaret El Agustino","robots":{"index":"index","follow":"follow","max-snippet":"max-snippet:-1","max-image-preview":"max-image-preview:large","max-video-preview":"max-video-preview:-1"},"canonical":"https:\/\/noticias.virgendenazaret.org.pe\/?p=786","og_locale":"es_ES","og_type":"article","og_title":"Confirmaci\u00f3n 2022 - Parroquia Virgen de Nazaret El Agustino","og_description":"66 j\u00f3venes recibieron el sacramento de la Confirmaci\u00f3n, la ceremonia fue presidida por el Monse\u00f1or Guillermo Cornejo, Obispo Auxiliar de Lima, en ella, se","og_url":"https:\/\/noticias.virgendenazaret.org.pe\/?p=786","og_site_name":"Parroquia Virgen de Nazaret El Agustino","article_published_time":"2023-04-14T19:24:16+00:00","article_modified_time":"2023-04-14T19:29:47+00:00","og_image":[{"width":1080,"height":592,"url":"https:\/\/noticias.virgendenazaret.org.pe\/wp-content\/uploads\/2023\/04\/1-3.jpg","type":"image\/jpeg"}],"author":"Comunicaciones Nazaret","twitter_card":"summary_large_image","twitter_misc":{"Escrito por":"Comunicaciones Nazaret","Tiempo de lectura":"1 minuto"},"schema":{"@context":"https:\/\/schema.org","@graph":[{"@type":"Article","@id":"https:\/\/noticias.virgendenazaret.org.pe\/?p=786#article","isPartOf":{"@id":"https:\/\/noticias.virgendenazaret.org.pe\/?p=786"},"author":{"name":"Comunicaciones Nazaret","@id":"https:\/\/noticias.virgendenazaret.org.pe\/#\/schema\/person\/e131954a863858d2c2f8d66e3e9fc0b8"},"headline":"Confirmaci\u00f3n 2022","datePublished":"2023-04-14T19:24:16+00:00","dateModified":"2023-04-14T19:29:47+00:00","mainEntityOfPage":{"@id":"https:\/\/noticias.virgendenazaret.org.pe\/?p=786"},"wordCount":116,"commentCount":0,"publisher":{"@id":"https:\/\/noticias.virgendenazaret.org.pe\/#organization"},"articleSection":["Parroquia"],"inLanguage":"es","potentialAction":[{"@type":"CommentAction","name":"Comment","target":["https:\/\/noticias.virgendenazaret.org.pe\/?p=786#respond"]}]},{"@type":"WebPage","@id":"https:\/\/noticias.virgendenazaret.org.pe\/?p=786","url":"https:\/\/noticias.virgendenazaret.org.pe\/?p=786","name":"Confirmaci\u00f3n 2022 - Parroquia Virgen de Nazaret El Agustino","isPartOf":{"@id":"https:\/\/noticias.virgendenazaret.org.pe\/#website"},"datePublished":"2023-04-14T19:24:16+00:00","dateModified":"2023-04-14T19:29:47+00:00","breadcrumb":{"@id":"https:\/\/noticias.virgendenazaret.org.pe\/?p=786#breadcrumb"},"inLanguage":"es","potentialAction":[{"@type":"ReadAction","target":["https:\/\/noticias.virgendenazaret.org.pe\/?p=786"]}]},{"@type":"BreadcrumbList","@id":"https:\/\/noticias.virgendenazaret.org.pe\/?p=786#breadcrumb","itemListElement":[{"@type":"ListItem","position":1,"name":"Portada","item":"https:\/\/noticias.virgendenazaret.org.pe\/"},{"@type":"ListItem","position":2,"name":"Confirmaci\u00f3n 2022"}]},{"@type":"WebSite","@id":"https:\/\/noticias.virgendenazaret.org.pe\/#website","url":"https:\/\/noticias.virgendenazaret.org.pe\/","name":"Parroquia Virgen de Nazaret El Agustino","description":"Parroquia Virgen de Nazaret El Agustino","publisher":{"@id":"https:\/\/noticias.virgendenazaret.org.pe\/#organization"},"potentialAction":[{"@type":"SearchAction","target":{"@type":"EntryPoint","urlTemplate":"https:\/\/noticias.virgendenazaret.org.pe\/?s={search_term_string}"},"query-input":"required name=search_term_string"}],"inLanguage":"es"},{"@type":"Organization","@id":"https:\/\/noticias.virgendenazaret.org.pe\/#organization","name":"Parroquia Virgen de Nazaret El Agustino","url":"https:\/\/noticias.virgendenazaret.org.pe\/","logo":{"@type":"ImageObject","inLanguage":"es","@id":"https:\/\/noticias.virgendenazaret.org.pe\/#\/schema\/logo\/image\/","url":"https:\/\/noticias.virgendenazaret.org.pe\/wp-content\/uploads\/2023\/04\/cropped-logo-fondo-blanco.jpg","contentUrl":"https:\/\/noticias.virgendenazaret.org.pe\/wp-content\/uploads\/2023\/04\/cropped-logo-fondo-blanco.jpg","width":250,"height":93,"caption":"Parroquia Virgen de Nazaret El Agustino"},"image":{"@id":"https:\/\/noticias.virgendenazaret.org.pe\/#\/schema\/logo\/image\/"}},{"@type":"Person","@id":"https:\/\/noticias.virgendenazaret.org.pe\/#\/schema\/person\/e131954a863858d2c2f8d66e3e9fc0b8","name":"Comunicaciones Nazaret","image":{"@type":"ImageObject","inLanguage":"es","@id":"https:\/\/noticias.virgendenazaret.org.pe\/#\/schema\/person\/image\/","url":"https:\/\/secure.gravatar.com\/avatar\/702beaefd3e7cbc9e83b5ef279eb8738698b2a835fb307ac4262d8060c681649?s=96&d=mm&r=g","contentUrl":"https:\/\/secure.gravatar.com\/avatar\/702beaefd3e7cbc9e83b5ef279eb8738698b2a835fb307ac4262d8060c681649?s=96&d=mm&r=g","caption":"Comunicaciones Nazaret"},"url":"https:\/\/noticias.virgendenazaret.org.pe\/?author=2"}]}},"_links":{"self":[{"href":"https:\/\/noticias.virgendenazaret.org.pe\/index.php?rest_route=\/wp\/v2\/posts\/786","targetHints":{"allow":["GET"]}}],"collection":[{"href":"https:\/\/noticias.virgendenazaret.org.pe\/index.php?rest_route=\/wp\/v2\/posts"}],"about":[{"href":"https:\/\/noticias.virgendenazaret.org.pe\/index.php?rest_route=\/wp\/v2\/types\/post"}],"author":[{"embeddable":true,"href":"https:\/\/noticias.virgendenazaret.org.pe\/index.php?rest_route=\/wp\/v2\/users\/2"}],"replies":[{"embeddable":true,"href":"https:\/\/noticias.virgendenazaret.org.pe\/index.php?rest_route=%2Fwp%2Fv2%2Fcomments&post=786"}],"version-history":[{"count":1,"href":"https:\/\/noticias.virgendenazaret.org.pe\/index.php?rest_route=\/wp\/v2\/posts\/786\/revisions"}],"predecessor-version":[{"id":792,"href":"https:\/\/noticias.virgendenazaret.org.pe\/index.php?rest_route=\/wp\/v2\/posts\/786\/revisions\/792"}],"wp:featuredmedia":[{"embeddable":true,"href":"https:\/\/noticias.virgendenazaret.org.pe\/index.php?rest_route=\/wp\/v2\/media\/787"}],"wp:attachment":[{"href":"https:\/\/noticias.virgendenazaret.org.pe\/index.php?rest_route=%2Fwp%2Fv2%2Fmedia&parent=786"}],"wp:term":[{"taxonomy":"category","embeddable":true,"href":"https:\/\/noticias.virgendenazaret.org.pe\/index.php?rest_route=%2Fwp%2Fv2%2Fcategories&post=786"},{"taxonomy":"post_tag","embeddable":true,"href":"https:\/\/noticias.virgendenazaret.org.pe\/index.php?rest_route=%2Fwp%2Fv2%2Ftags&post=786"}],"curies":[{"name":"wp","href":"https:\/\/api.w.org\/{rel}","templated":true}]}}