{"id":860,"date":"2023-04-18T04:15:27","date_gmt":"2023-04-18T04:15:27","guid":{"rendered":"https:\/\/noticias.virgendenazaret.org.pe\/?p=860"},"modified":"2023-04-18T04:15:27","modified_gmt":"2023-04-18T04:15:27","slug":"dgeneracion-radial","status":"publish","type":"post","link":"https:\/\/noticias.virgendenazaret.org.pe\/?p=860","title":{"rendered":"DGeneracion Radial"},"content":{"rendered":"<p>Somos una radio online autofinanciada cuyo objetivo principal es apoyar nuevos grupos, bandas y\/o solistas en los distintos g\u00e9neros musicales, para as\u00ed poder crecer juntos en este medio local donde lo que predomina es el consumismo y por ende, nos convertir\u00edamos en un medio en el que los nuevos talentos pueden encontrar el espacio adecuado para difundir su m\u00fasica.<\/p>\n<p>En nuestro distrito existen diversas manifestaciones culturales que no tienen un medio de difusi\u00f3n adecuado, con los diferentes programas que tenemos, queremos dar a conocer toda la cultura agustiniana que se encuentra oculta bajo la \u00abmala imagen\u00bb que tiene nuestro distrito de El Agustino.<\/p>\n<p>Este 2023 DGeneracion Radial viene haciendo una gran sinergia con la parroquia Virgen de Nazaret presentando el espacio Zona Digital, donde los j\u00f3venes pueden dar a conocer sus experiencias de vida y expresar tambi\u00e9n sus gustos y preferencias musicales y\/o culturales.<\/p>\n<p>\u00abZona Digital\u00bb tiene ya un espacio en Spotify; all\u00ed tambi\u00e9n podr\u00e1n encontrar los podcast de \u00abESPOSA2\u00bb, programa conducido por Walter y Nelsy que todos los jueves a partir de las 7:00 pm nos cuentan sobre sus experiencias de casados de la manera m\u00e1s amena.<\/p>\n<p>En DGeneracion Radial, los viernes de 7:00 pm a 9:00 pm podr\u00e1n escuchar \u00abSonidos del Alma\u00bb, programa donde compartiremos historias de superaci\u00f3n personal y pensamientos que te ayudar\u00e1n a crecer como persona. Los s\u00e1bados desde las 8:00 pm lo mejor de la m\u00fasica variada con el \u00abClick de Mina\u00bb y a las 10:00 pm el rock de los 40&#8217;s 50&#8217;s y 60&#8217;s invaden la pagina con \u00abRefugio 86\u00bb. \u00bfTienes alg\u00fan proyecto en mente? comun\u00edcate con nosotros a comunicaciones@virgendenazaret.org.pe \u00a1Te esperamos!.<\/p>\n<p>&nbsp;<\/p>\n<p>&nbsp;<\/p>\n","protected":false},"excerpt":{"rendered":"<p>Somos una radio online autofinanciada cuyo objetivo principal es apoyar nuevos grupos, bandas y\/o solistas en los distintos g\u00e9neros musicales, para as\u00ed poder crecer<\/p>\n","protected":false},"author":2,"featured_media":861,"comment_status":"open","ping_status":"open","sticky":false,"template":"","format":"standard","meta":{"footnotes":""},"categories":[105],"tags":[],"class_list":["post-860","post","type-post","status-publish","format-standard","has-post-thumbnail","hentry","category-degeneracion-radial"],"yoast_head":"<!-- This site is optimized with the Yoast SEO plugin v20.6 - https:\/\/yoast.com\/wordpress\/plugins\/seo\/ -->\n<title>DGeneracion Radial - Parroquia Virgen de Nazaret El Agustino<\/title>\n<meta name=\"robots\" content=\"index, follow, max-snippet:-1, max-image-preview:large, max-video-preview:-1\" \/>\n<link rel=\"canonical\" href=\"https:\/\/noticias.virgendenazaret.org.pe\/?p=860\" \/>\n<meta property=\"og:locale\" content=\"es_ES\" \/>\n<meta property=\"og:type\" content=\"article\" \/>\n<meta property=\"og:title\" content=\"DGeneracion Radial - Parroquia Virgen de Nazaret El Agustino\" \/>\n<meta property=\"og:description\" content=\"Somos una radio online autofinanciada cuyo objetivo principal es apoyar nuevos grupos, bandas y\/o solistas en los distintos g\u00e9neros musicales, para as\u00ed poder crecer\" \/>\n<meta property=\"og:url\" content=\"https:\/\/noticias.virgendenazaret.org.pe\/?p=860\" \/>\n<meta property=\"og:site_name\" content=\"Parroquia Virgen de Nazaret El Agustino\" \/>\n<meta property=\"article:published_time\" content=\"2023-04-18T04:15:27+00:00\" \/>\n<meta property=\"og:image\" content=\"https:\/\/noticias.virgendenazaret.org.pe\/wp-content\/uploads\/2023\/04\/WhatsApp-Image-2023-04-17-at-21.09.52-1.jpeg\" \/>\n\t<meta property=\"og:image:width\" content=\"1098\" \/>\n\t<meta property=\"og:image:height\" content=\"981\" \/>\n\t<meta property=\"og:image:type\" content=\"image\/jpeg\" \/>\n<meta name=\"author\" content=\"Comunicaciones Nazaret\" \/>\n<meta name=\"twitter:card\" content=\"summary_large_image\" \/>\n<meta name=\"twitter:label1\" content=\"Escrito por\" \/>\n\t<meta name=\"twitter:data1\" content=\"Comunicaciones Nazaret\" \/>\n\t<meta name=\"twitter:label2\" content=\"Tiempo de lectura\" \/>\n\t<meta name=\"twitter:data2\" content=\"1 minuto\" \/>\n<script type=\"application\/ld+json\" class=\"yoast-schema-graph\">{\"@context\":\"https:\/\/schema.org\",\"@graph\":[{\"@type\":\"Article\",\"@id\":\"https:\/\/noticias.virgendenazaret.org.pe\/?p=860#article\",\"isPartOf\":{\"@id\":\"https:\/\/noticias.virgendenazaret.org.pe\/?p=860\"},\"author\":{\"name\":\"Comunicaciones Nazaret\",\"@id\":\"https:\/\/noticias.virgendenazaret.org.pe\/#\/schema\/person\/e131954a863858d2c2f8d66e3e9fc0b8\"},\"headline\":\"DGeneracion Radial\",\"datePublished\":\"2023-04-18T04:15:27+00:00\",\"dateModified\":\"2023-04-18T04:15:27+00:00\",\"mainEntityOfPage\":{\"@id\":\"https:\/\/noticias.virgendenazaret.org.pe\/?p=860\"},\"wordCount\":286,\"commentCount\":0,\"publisher\":{\"@id\":\"https:\/\/noticias.virgendenazaret.org.pe\/#organization\"},\"articleSection\":[\"DeGeneracion Radial\"],\"inLanguage\":\"es\",\"potentialAction\":[{\"@type\":\"CommentAction\",\"name\":\"Comment\",\"target\":[\"https:\/\/noticias.virgendenazaret.org.pe\/?p=860#respond\"]}]},{\"@type\":\"WebPage\",\"@id\":\"https:\/\/noticias.virgendenazaret.org.pe\/?p=860\",\"url\":\"https:\/\/noticias.virgendenazaret.org.pe\/?p=860\",\"name\":\"DGeneracion Radial - Parroquia Virgen de Nazaret El Agustino\",\"isPartOf\":{\"@id\":\"https:\/\/noticias.virgendenazaret.org.pe\/#website\"},\"datePublished\":\"2023-04-18T04:15:27+00:00\",\"dateModified\":\"2023-04-18T04:15:27+00:00\",\"breadcrumb\":{\"@id\":\"https:\/\/noticias.virgendenazaret.org.pe\/?p=860#breadcrumb\"},\"inLanguage\":\"es\",\"potentialAction\":[{\"@type\":\"ReadAction\",\"target\":[\"https:\/\/noticias.virgendenazaret.org.pe\/?p=860\"]}]},{\"@type\":\"BreadcrumbList\",\"@id\":\"https:\/\/noticias.virgendenazaret.org.pe\/?p=860#breadcrumb\",\"itemListElement\":[{\"@type\":\"ListItem\",\"position\":1,\"name\":\"Portada\",\"item\":\"https:\/\/noticias.virgendenazaret.org.pe\/\"},{\"@type\":\"ListItem\",\"position\":2,\"name\":\"DGeneracion Radial\"}]},{\"@type\":\"WebSite\",\"@id\":\"https:\/\/noticias.virgendenazaret.org.pe\/#website\",\"url\":\"https:\/\/noticias.virgendenazaret.org.pe\/\",\"name\":\"Parroquia Virgen de Nazaret El Agustino\",\"description\":\"Parroquia Virgen de Nazaret El Agustino\",\"publisher\":{\"@id\":\"https:\/\/noticias.virgendenazaret.org.pe\/#organization\"},\"potentialAction\":[{\"@type\":\"SearchAction\",\"target\":{\"@type\":\"EntryPoint\",\"urlTemplate\":\"https:\/\/noticias.virgendenazaret.org.pe\/?s={search_term_string}\"},\"query-input\":\"required name=search_term_string\"}],\"inLanguage\":\"es\"},{\"@type\":\"Organization\",\"@id\":\"https:\/\/noticias.virgendenazaret.org.pe\/#organization\",\"name\":\"Parroquia Virgen de Nazaret El Agustino\",\"url\":\"https:\/\/noticias.virgendenazaret.org.pe\/\",\"logo\":{\"@type\":\"ImageObject\",\"inLanguage\":\"es\",\"@id\":\"https:\/\/noticias.virgendenazaret.org.pe\/#\/schema\/logo\/image\/\",\"url\":\"https:\/\/noticias.virgendenazaret.org.pe\/wp-content\/uploads\/2023\/04\/cropped-logo-fondo-blanco.jpg\",\"contentUrl\":\"https:\/\/noticias.virgendenazaret.org.pe\/wp-content\/uploads\/2023\/04\/cropped-logo-fondo-blanco.jpg\",\"width\":250,\"height\":93,\"caption\":\"Parroquia Virgen de Nazaret El Agustino\"},\"image\":{\"@id\":\"https:\/\/noticias.virgendenazaret.org.pe\/#\/schema\/logo\/image\/\"}},{\"@type\":\"Person\",\"@id\":\"https:\/\/noticias.virgendenazaret.org.pe\/#\/schema\/person\/e131954a863858d2c2f8d66e3e9fc0b8\",\"name\":\"Comunicaciones Nazaret\",\"image\":{\"@type\":\"ImageObject\",\"inLanguage\":\"es\",\"@id\":\"https:\/\/noticias.virgendenazaret.org.pe\/#\/schema\/person\/image\/\",\"url\":\"https:\/\/secure.gravatar.com\/avatar\/702beaefd3e7cbc9e83b5ef279eb8738698b2a835fb307ac4262d8060c681649?s=96&d=mm&r=g\",\"contentUrl\":\"https:\/\/secure.gravatar.com\/avatar\/702beaefd3e7cbc9e83b5ef279eb8738698b2a835fb307ac4262d8060c681649?s=96&d=mm&r=g\",\"caption\":\"Comunicaciones Nazaret\"},\"url\":\"https:\/\/noticias.virgendenazaret.org.pe\/?author=2\"}]}<\/script>\n<!-- \/ Yoast SEO plugin. -->","yoast_head_json":{"title":"DGeneracion Radial - Parroquia Virgen de Nazaret El Agustino","robots":{"index":"index","follow":"follow","max-snippet":"max-snippet:-1","max-image-preview":"max-image-preview:large","max-video-preview":"max-video-preview:-1"},"canonical":"https:\/\/noticias.virgendenazaret.org.pe\/?p=860","og_locale":"es_ES","og_type":"article","og_title":"DGeneracion Radial - Parroquia Virgen de Nazaret El Agustino","og_description":"Somos una radio online autofinanciada cuyo objetivo principal es apoyar nuevos grupos, bandas y\/o solistas en los distintos g\u00e9neros musicales, para as\u00ed poder crecer","og_url":"https:\/\/noticias.virgendenazaret.org.pe\/?p=860","og_site_name":"Parroquia Virgen de Nazaret El Agustino","article_published_time":"2023-04-18T04:15:27+00:00","og_image":[{"width":1098,"height":981,"url":"https:\/\/noticias.virgendenazaret.org.pe\/wp-content\/uploads\/2023\/04\/WhatsApp-Image-2023-04-17-at-21.09.52-1.jpeg","type":"image\/jpeg"}],"author":"Comunicaciones Nazaret","twitter_card":"summary_large_image","twitter_misc":{"Escrito por":"Comunicaciones Nazaret","Tiempo de lectura":"1 minuto"},"schema":{"@context":"https:\/\/schema.org","@graph":[{"@type":"Article","@id":"https:\/\/noticias.virgendenazaret.org.pe\/?p=860#article","isPartOf":{"@id":"https:\/\/noticias.virgendenazaret.org.pe\/?p=860"},"author":{"name":"Comunicaciones Nazaret","@id":"https:\/\/noticias.virgendenazaret.org.pe\/#\/schema\/person\/e131954a863858d2c2f8d66e3e9fc0b8"},"headline":"DGeneracion Radial","datePublished":"2023-04-18T04:15:27+00:00","dateModified":"2023-04-18T04:15:27+00:00","mainEntityOfPage":{"@id":"https:\/\/noticias.virgendenazaret.org.pe\/?p=860"},"wordCount":286,"commentCount":0,"publisher":{"@id":"https:\/\/noticias.virgendenazaret.org.pe\/#organization"},"articleSection":["DeGeneracion Radial"],"inLanguage":"es","potentialAction":[{"@type":"CommentAction","name":"Comment","target":["https:\/\/noticias.virgendenazaret.org.pe\/?p=860#respond"]}]},{"@type":"WebPage","@id":"https:\/\/noticias.virgendenazaret.org.pe\/?p=860","url":"https:\/\/noticias.virgendenazaret.org.pe\/?p=860","name":"DGeneracion Radial - Parroquia Virgen de Nazaret El Agustino","isPartOf":{"@id":"https:\/\/noticias.virgendenazaret.org.pe\/#website"},"datePublished":"2023-04-18T04:15:27+00:00","dateModified":"2023-04-18T04:15:27+00:00","breadcrumb":{"@id":"https:\/\/noticias.virgendenazaret.org.pe\/?p=860#breadcrumb"},"inLanguage":"es","potentialAction":[{"@type":"ReadAction","target":["https:\/\/noticias.virgendenazaret.org.pe\/?p=860"]}]},{"@type":"BreadcrumbList","@id":"https:\/\/noticias.virgendenazaret.org.pe\/?p=860#breadcrumb","itemListElement":[{"@type":"ListItem","position":1,"name":"Portada","item":"https:\/\/noticias.virgendenazaret.org.pe\/"},{"@type":"ListItem","position":2,"name":"DGeneracion Radial"}]},{"@type":"WebSite","@id":"https:\/\/noticias.virgendenazaret.org.pe\/#website","url":"https:\/\/noticias.virgendenazaret.org.pe\/","name":"Parroquia Virgen de Nazaret El Agustino","description":"Parroquia Virgen de Nazaret El Agustino","publisher":{"@id":"https:\/\/noticias.virgendenazaret.org.pe\/#organization"},"potentialAction":[{"@type":"SearchAction","target":{"@type":"EntryPoint","urlTemplate":"https:\/\/noticias.virgendenazaret.org.pe\/?s={search_term_string}"},"query-input":"required name=search_term_string"}],"inLanguage":"es"},{"@type":"Organization","@id":"https:\/\/noticias.virgendenazaret.org.pe\/#organization","name":"Parroquia Virgen de Nazaret El Agustino","url":"https:\/\/noticias.virgendenazaret.org.pe\/","logo":{"@type":"ImageObject","inLanguage":"es","@id":"https:\/\/noticias.virgendenazaret.org.pe\/#\/schema\/logo\/image\/","url":"https:\/\/noticias.virgendenazaret.org.pe\/wp-content\/uploads\/2023\/04\/cropped-logo-fondo-blanco.jpg","contentUrl":"https:\/\/noticias.virgendenazaret.org.pe\/wp-content\/uploads\/2023\/04\/cropped-logo-fondo-blanco.jpg","width":250,"height":93,"caption":"Parroquia Virgen de Nazaret El Agustino"},"image":{"@id":"https:\/\/noticias.virgendenazaret.org.pe\/#\/schema\/logo\/image\/"}},{"@type":"Person","@id":"https:\/\/noticias.virgendenazaret.org.pe\/#\/schema\/person\/e131954a863858d2c2f8d66e3e9fc0b8","name":"Comunicaciones Nazaret","image":{"@type":"ImageObject","inLanguage":"es","@id":"https:\/\/noticias.virgendenazaret.org.pe\/#\/schema\/person\/image\/","url":"https:\/\/secure.gravatar.com\/avatar\/702beaefd3e7cbc9e83b5ef279eb8738698b2a835fb307ac4262d8060c681649?s=96&d=mm&r=g","contentUrl":"https:\/\/secure.gravatar.com\/avatar\/702beaefd3e7cbc9e83b5ef279eb8738698b2a835fb307ac4262d8060c681649?s=96&d=mm&r=g","caption":"Comunicaciones Nazaret"},"url":"https:\/\/noticias.virgendenazaret.org.pe\/?author=2"}]}},"_links":{"self":[{"href":"https:\/\/noticias.virgendenazaret.org.pe\/index.php?rest_route=\/wp\/v2\/posts\/860","targetHints":{"allow":["GET"]}}],"collection":[{"href":"https:\/\/noticias.virgendenazaret.org.pe\/index.php?rest_route=\/wp\/v2\/posts"}],"about":[{"href":"https:\/\/noticias.virgendenazaret.org.pe\/index.php?rest_route=\/wp\/v2\/types\/post"}],"author":[{"embeddable":true,"href":"https:\/\/noticias.virgendenazaret.org.pe\/index.php?rest_route=\/wp\/v2\/users\/2"}],"replies":[{"embeddable":true,"href":"https:\/\/noticias.virgendenazaret.org.pe\/index.php?rest_route=%2Fwp%2Fv2%2Fcomments&post=860"}],"version-history":[{"count":1,"href":"https:\/\/noticias.virgendenazaret.org.pe\/index.php?rest_route=\/wp\/v2\/posts\/860\/revisions"}],"predecessor-version":[{"id":862,"href":"https:\/\/noticias.virgendenazaret.org.pe\/index.php?rest_route=\/wp\/v2\/posts\/860\/revisions\/862"}],"wp:featuredmedia":[{"embeddable":true,"href":"https:\/\/noticias.virgendenazaret.org.pe\/index.php?rest_route=\/wp\/v2\/media\/861"}],"wp:attachment":[{"href":"https:\/\/noticias.virgendenazaret.org.pe\/index.php?rest_route=%2Fwp%2Fv2%2Fmedia&parent=860"}],"wp:term":[{"taxonomy":"category","embeddable":true,"href":"https:\/\/noticias.virgendenazaret.org.pe\/index.php?rest_route=%2Fwp%2Fv2%2Fcategories&post=860"},{"taxonomy":"post_tag","embeddable":true,"href":"https:\/\/noticias.virgendenazaret.org.pe\/index.php?rest_route=%2Fwp%2Fv2%2Ftags&post=860"}],"curies":[{"name":"wp","href":"https:\/\/api.w.org\/{rel}","templated":true}]}}