{"id":865,"date":"2023-04-18T04:41:44","date_gmt":"2023-04-18T04:41:44","guid":{"rendered":"https:\/\/noticias.virgendenazaret.org.pe\/?p=865"},"modified":"2023-04-18T04:53:22","modified_gmt":"2023-04-18T04:53:22","slug":"despues-de-4-anos-vuelven-los-exploradores-de-cristo","status":"publish","type":"post","link":"https:\/\/noticias.virgendenazaret.org.pe\/?p=865","title":{"rendered":"Despu\u00e9s de 4 a\u00f1os, vuelven los Exploradores de Cristo"},"content":{"rendered":"<p>Estamos muy contentos de empezar esta maravillosa aventura despu\u00e9s de 4 a\u00f1os de ausencia y brindar un espacio a los ni\u00f1os y j\u00f3venes que deseen vivir nuevas experiencias en sus vidas. Las jornadas se realizar\u00e1n los domingos a las 10 a.m., los puntos de encuentros ser\u00e1n en la parroquia Virgen de Nazaret y en la capilla San Jos\u00e9. Informes e inscripciones en nuestro despacho parroquial y redes sociales.<\/p>\n<p>Y, \u00bfde qu\u00e9 se trata? Deseamos acompa\u00f1ar a los ni\u00f1os y adolescentes que han recibido el sacramento de la Eucarist\u00eda, generando un espacio de formaci\u00f3n integral, de descubrimiento y creatividad para ellos y motivar su perseverancia y compromiso con la comunidad.<br \/>\n\u00bfQu\u00e9 haremos para lograrlo? Queremos desarrollar temas que los ayuden a vivir mejor en comunidad, conociendo y descubriendo la realidad en la que viven. Adem\u00e1s, brindaremos herramientas para asumir mejor su propia vida, la cual tambi\u00e9n van descubriendo.<br \/>\n\u00bfC\u00f3mo lo haremos? Mediante encuentros dominicales de 1 hora y 30 minutos, en lugares variados, pero dentro de la jurisdicci\u00f3n parroquial. los participantes realizar\u00e1n diversas actividades como juegos, din\u00e1micas, desarrollo de temas, y recibir\u00e1n herramientas para la convivencia.<\/p>\n<p>&nbsp;<\/p>\n<p><img loading=\"lazy\" decoding=\"async\" class=\"size-large wp-image-868 aligncenter\" src=\"https:\/\/noticias.virgendenazaret.org.pe\/wp-content\/uploads\/2023\/04\/2-11-1024x683.jpg\" alt=\"Parroquia Virgen de Nazaret El Agustino\" width=\"715\" height=\"477\" srcset=\"https:\/\/noticias.virgendenazaret.org.pe\/wp-content\/uploads\/2023\/04\/2-11-1024x683.jpg 1024w, https:\/\/noticias.virgendenazaret.org.pe\/wp-content\/uploads\/2023\/04\/2-11-300x200.jpg 300w, https:\/\/noticias.virgendenazaret.org.pe\/wp-content\/uploads\/2023\/04\/2-11-768x512.jpg 768w, https:\/\/noticias.virgendenazaret.org.pe\/wp-content\/uploads\/2023\/04\/2-11.jpg 1080w\" sizes=\"auto, (max-width: 715px) 100vw, 715px\" \/><\/p>\n<p>&nbsp;<\/p>\n<p><img loading=\"lazy\" decoding=\"async\" class=\"size-large wp-image-869 aligncenter\" src=\"https:\/\/noticias.virgendenazaret.org.pe\/wp-content\/uploads\/2023\/04\/3-9-1024x768.jpg\" alt=\"Parroquia Virgen de Nazaret El Agustino\" width=\"715\" height=\"536\" srcset=\"https:\/\/noticias.virgendenazaret.org.pe\/wp-content\/uploads\/2023\/04\/3-9-1024x768.jpg 1024w, https:\/\/noticias.virgendenazaret.org.pe\/wp-content\/uploads\/2023\/04\/3-9-300x225.jpg 300w, https:\/\/noticias.virgendenazaret.org.pe\/wp-content\/uploads\/2023\/04\/3-9-768x576.jpg 768w, https:\/\/noticias.virgendenazaret.org.pe\/wp-content\/uploads\/2023\/04\/3-9.jpg 1080w\" sizes=\"auto, (max-width: 715px) 100vw, 715px\" \/><\/p>\n<p>&nbsp;<\/p>\n<p><img loading=\"lazy\" decoding=\"async\" class=\"size-large wp-image-870 aligncenter\" src=\"https:\/\/noticias.virgendenazaret.org.pe\/wp-content\/uploads\/2023\/04\/4-8-1024x683.jpg\" alt=\"Parroquia Virgen de Nazaret El Agustino\" width=\"715\" height=\"477\" srcset=\"https:\/\/noticias.virgendenazaret.org.pe\/wp-content\/uploads\/2023\/04\/4-8-1024x683.jpg 1024w, https:\/\/noticias.virgendenazaret.org.pe\/wp-content\/uploads\/2023\/04\/4-8-300x200.jpg 300w, https:\/\/noticias.virgendenazaret.org.pe\/wp-content\/uploads\/2023\/04\/4-8-768x512.jpg 768w, https:\/\/noticias.virgendenazaret.org.pe\/wp-content\/uploads\/2023\/04\/4-8.jpg 1080w\" sizes=\"auto, (max-width: 715px) 100vw, 715px\" \/><\/p>\n<p>&nbsp;<\/p>\n<p><img loading=\"lazy\" decoding=\"async\" class=\"size-large wp-image-872 aligncenter\" src=\"https:\/\/noticias.virgendenazaret.org.pe\/wp-content\/uploads\/2023\/04\/1-9-1024x683.jpg\" alt=\"Parroquia Virgen de Nazaret El Agustino\" width=\"715\" height=\"477\" srcset=\"https:\/\/noticias.virgendenazaret.org.pe\/wp-content\/uploads\/2023\/04\/1-9-1024x683.jpg 1024w, https:\/\/noticias.virgendenazaret.org.pe\/wp-content\/uploads\/2023\/04\/1-9-300x200.jpg 300w, https:\/\/noticias.virgendenazaret.org.pe\/wp-content\/uploads\/2023\/04\/1-9-768x512.jpg 768w, https:\/\/noticias.virgendenazaret.org.pe\/wp-content\/uploads\/2023\/04\/1-9.jpg 1080w\" sizes=\"auto, (max-width: 715px) 100vw, 715px\" \/><\/p>\n","protected":false},"excerpt":{"rendered":"<p>Estamos muy contentos de empezar esta maravillosa aventura despu\u00e9s de 4 a\u00f1os de ausencia y brindar un espacio a los ni\u00f1os y j\u00f3venes que<\/p>\n","protected":false},"author":2,"featured_media":867,"comment_status":"open","ping_status":"open","sticky":false,"template":"","format":"standard","meta":{"footnotes":""},"categories":[103],"tags":[],"class_list":["post-865","post","type-post","status-publish","format-standard","has-post-thumbnail","hentry","category-exploradores-de-cristo"],"yoast_head":"<!-- This site is optimized with the Yoast SEO plugin v20.6 - https:\/\/yoast.com\/wordpress\/plugins\/seo\/ -->\n<title>Despu\u00e9s de 4 a\u00f1os, vuelven los Exploradores de Cristo - Parroquia Virgen de Nazaret El Agustino<\/title>\n<meta name=\"robots\" content=\"index, follow, max-snippet:-1, max-image-preview:large, max-video-preview:-1\" \/>\n<link rel=\"canonical\" href=\"https:\/\/noticias.virgendenazaret.org.pe\/?p=865\" \/>\n<meta property=\"og:locale\" content=\"es_ES\" \/>\n<meta property=\"og:type\" content=\"article\" \/>\n<meta property=\"og:title\" content=\"Despu\u00e9s de 4 a\u00f1os, vuelven los Exploradores de Cristo - Parroquia Virgen de Nazaret El Agustino\" \/>\n<meta property=\"og:description\" content=\"Estamos muy contentos de empezar esta maravillosa aventura despu\u00e9s de 4 a\u00f1os de ausencia y brindar un espacio a los ni\u00f1os y j\u00f3venes que\" \/>\n<meta property=\"og:url\" content=\"https:\/\/noticias.virgendenazaret.org.pe\/?p=865\" \/>\n<meta property=\"og:site_name\" content=\"Parroquia Virgen de Nazaret El Agustino\" \/>\n<meta property=\"article:published_time\" content=\"2023-04-18T04:41:44+00:00\" \/>\n<meta property=\"article:modified_time\" content=\"2023-04-18T04:53:22+00:00\" \/>\n<meta property=\"og:image\" content=\"https:\/\/noticias.virgendenazaret.org.pe\/wp-content\/uploads\/2023\/04\/IMG_7492-1.jpg\" \/>\n\t<meta property=\"og:image:width\" content=\"1080\" \/>\n\t<meta property=\"og:image:height\" content=\"661\" \/>\n\t<meta property=\"og:image:type\" content=\"image\/jpeg\" \/>\n<meta name=\"author\" content=\"Comunicaciones Nazaret\" \/>\n<meta name=\"twitter:card\" content=\"summary_large_image\" \/>\n<meta name=\"twitter:label1\" content=\"Escrito por\" \/>\n\t<meta name=\"twitter:data1\" content=\"Comunicaciones Nazaret\" \/>\n\t<meta name=\"twitter:label2\" content=\"Tiempo de lectura\" \/>\n\t<meta name=\"twitter:data2\" content=\"1 minuto\" \/>\n<script type=\"application\/ld+json\" class=\"yoast-schema-graph\">{\"@context\":\"https:\/\/schema.org\",\"@graph\":[{\"@type\":\"Article\",\"@id\":\"https:\/\/noticias.virgendenazaret.org.pe\/?p=865#article\",\"isPartOf\":{\"@id\":\"https:\/\/noticias.virgendenazaret.org.pe\/?p=865\"},\"author\":{\"name\":\"Comunicaciones Nazaret\",\"@id\":\"https:\/\/noticias.virgendenazaret.org.pe\/#\/schema\/person\/e131954a863858d2c2f8d66e3e9fc0b8\"},\"headline\":\"Despu\u00e9s de 4 a\u00f1os, vuelven los Exploradores de Cristo\",\"datePublished\":\"2023-04-18T04:41:44+00:00\",\"dateModified\":\"2023-04-18T04:53:22+00:00\",\"mainEntityOfPage\":{\"@id\":\"https:\/\/noticias.virgendenazaret.org.pe\/?p=865\"},\"wordCount\":213,\"commentCount\":0,\"publisher\":{\"@id\":\"https:\/\/noticias.virgendenazaret.org.pe\/#organization\"},\"articleSection\":[\"Exploradores de Cristo\"],\"inLanguage\":\"es\",\"potentialAction\":[{\"@type\":\"CommentAction\",\"name\":\"Comment\",\"target\":[\"https:\/\/noticias.virgendenazaret.org.pe\/?p=865#respond\"]}]},{\"@type\":\"WebPage\",\"@id\":\"https:\/\/noticias.virgendenazaret.org.pe\/?p=865\",\"url\":\"https:\/\/noticias.virgendenazaret.org.pe\/?p=865\",\"name\":\"Despu\u00e9s de 4 a\u00f1os, vuelven los Exploradores de Cristo - Parroquia Virgen de Nazaret El Agustino\",\"isPartOf\":{\"@id\":\"https:\/\/noticias.virgendenazaret.org.pe\/#website\"},\"datePublished\":\"2023-04-18T04:41:44+00:00\",\"dateModified\":\"2023-04-18T04:53:22+00:00\",\"breadcrumb\":{\"@id\":\"https:\/\/noticias.virgendenazaret.org.pe\/?p=865#breadcrumb\"},\"inLanguage\":\"es\",\"potentialAction\":[{\"@type\":\"ReadAction\",\"target\":[\"https:\/\/noticias.virgendenazaret.org.pe\/?p=865\"]}]},{\"@type\":\"BreadcrumbList\",\"@id\":\"https:\/\/noticias.virgendenazaret.org.pe\/?p=865#breadcrumb\",\"itemListElement\":[{\"@type\":\"ListItem\",\"position\":1,\"name\":\"Portada\",\"item\":\"https:\/\/noticias.virgendenazaret.org.pe\/\"},{\"@type\":\"ListItem\",\"position\":2,\"name\":\"Despu\u00e9s de 4 a\u00f1os, vuelven los Exploradores de Cristo\"}]},{\"@type\":\"WebSite\",\"@id\":\"https:\/\/noticias.virgendenazaret.org.pe\/#website\",\"url\":\"https:\/\/noticias.virgendenazaret.org.pe\/\",\"name\":\"Parroquia Virgen de Nazaret El Agustino\",\"description\":\"Parroquia Virgen de Nazaret El Agustino\",\"publisher\":{\"@id\":\"https:\/\/noticias.virgendenazaret.org.pe\/#organization\"},\"potentialAction\":[{\"@type\":\"SearchAction\",\"target\":{\"@type\":\"EntryPoint\",\"urlTemplate\":\"https:\/\/noticias.virgendenazaret.org.pe\/?s={search_term_string}\"},\"query-input\":\"required name=search_term_string\"}],\"inLanguage\":\"es\"},{\"@type\":\"Organization\",\"@id\":\"https:\/\/noticias.virgendenazaret.org.pe\/#organization\",\"name\":\"Parroquia Virgen de Nazaret El Agustino\",\"url\":\"https:\/\/noticias.virgendenazaret.org.pe\/\",\"logo\":{\"@type\":\"ImageObject\",\"inLanguage\":\"es\",\"@id\":\"https:\/\/noticias.virgendenazaret.org.pe\/#\/schema\/logo\/image\/\",\"url\":\"https:\/\/noticias.virgendenazaret.org.pe\/wp-content\/uploads\/2023\/04\/cropped-logo-fondo-blanco.jpg\",\"contentUrl\":\"https:\/\/noticias.virgendenazaret.org.pe\/wp-content\/uploads\/2023\/04\/cropped-logo-fondo-blanco.jpg\",\"width\":250,\"height\":93,\"caption\":\"Parroquia Virgen de Nazaret El Agustino\"},\"image\":{\"@id\":\"https:\/\/noticias.virgendenazaret.org.pe\/#\/schema\/logo\/image\/\"}},{\"@type\":\"Person\",\"@id\":\"https:\/\/noticias.virgendenazaret.org.pe\/#\/schema\/person\/e131954a863858d2c2f8d66e3e9fc0b8\",\"name\":\"Comunicaciones Nazaret\",\"image\":{\"@type\":\"ImageObject\",\"inLanguage\":\"es\",\"@id\":\"https:\/\/noticias.virgendenazaret.org.pe\/#\/schema\/person\/image\/\",\"url\":\"https:\/\/secure.gravatar.com\/avatar\/702beaefd3e7cbc9e83b5ef279eb8738698b2a835fb307ac4262d8060c681649?s=96&d=mm&r=g\",\"contentUrl\":\"https:\/\/secure.gravatar.com\/avatar\/702beaefd3e7cbc9e83b5ef279eb8738698b2a835fb307ac4262d8060c681649?s=96&d=mm&r=g\",\"caption\":\"Comunicaciones Nazaret\"},\"url\":\"https:\/\/noticias.virgendenazaret.org.pe\/?author=2\"}]}<\/script>\n<!-- \/ Yoast SEO plugin. -->","yoast_head_json":{"title":"Despu\u00e9s de 4 a\u00f1os, vuelven los Exploradores de Cristo - Parroquia Virgen de Nazaret El Agustino","robots":{"index":"index","follow":"follow","max-snippet":"max-snippet:-1","max-image-preview":"max-image-preview:large","max-video-preview":"max-video-preview:-1"},"canonical":"https:\/\/noticias.virgendenazaret.org.pe\/?p=865","og_locale":"es_ES","og_type":"article","og_title":"Despu\u00e9s de 4 a\u00f1os, vuelven los Exploradores de Cristo - Parroquia Virgen de Nazaret El Agustino","og_description":"Estamos muy contentos de empezar esta maravillosa aventura despu\u00e9s de 4 a\u00f1os de ausencia y brindar un espacio a los ni\u00f1os y j\u00f3venes que","og_url":"https:\/\/noticias.virgendenazaret.org.pe\/?p=865","og_site_name":"Parroquia Virgen de Nazaret El Agustino","article_published_time":"2023-04-18T04:41:44+00:00","article_modified_time":"2023-04-18T04:53:22+00:00","og_image":[{"width":1080,"height":661,"url":"https:\/\/noticias.virgendenazaret.org.pe\/wp-content\/uploads\/2023\/04\/IMG_7492-1.jpg","type":"image\/jpeg"}],"author":"Comunicaciones Nazaret","twitter_card":"summary_large_image","twitter_misc":{"Escrito por":"Comunicaciones Nazaret","Tiempo de lectura":"1 minuto"},"schema":{"@context":"https:\/\/schema.org","@graph":[{"@type":"Article","@id":"https:\/\/noticias.virgendenazaret.org.pe\/?p=865#article","isPartOf":{"@id":"https:\/\/noticias.virgendenazaret.org.pe\/?p=865"},"author":{"name":"Comunicaciones Nazaret","@id":"https:\/\/noticias.virgendenazaret.org.pe\/#\/schema\/person\/e131954a863858d2c2f8d66e3e9fc0b8"},"headline":"Despu\u00e9s de 4 a\u00f1os, vuelven los Exploradores de Cristo","datePublished":"2023-04-18T04:41:44+00:00","dateModified":"2023-04-18T04:53:22+00:00","mainEntityOfPage":{"@id":"https:\/\/noticias.virgendenazaret.org.pe\/?p=865"},"wordCount":213,"commentCount":0,"publisher":{"@id":"https:\/\/noticias.virgendenazaret.org.pe\/#organization"},"articleSection":["Exploradores de Cristo"],"inLanguage":"es","potentialAction":[{"@type":"CommentAction","name":"Comment","target":["https:\/\/noticias.virgendenazaret.org.pe\/?p=865#respond"]}]},{"@type":"WebPage","@id":"https:\/\/noticias.virgendenazaret.org.pe\/?p=865","url":"https:\/\/noticias.virgendenazaret.org.pe\/?p=865","name":"Despu\u00e9s de 4 a\u00f1os, vuelven los Exploradores de Cristo - Parroquia Virgen de Nazaret El Agustino","isPartOf":{"@id":"https:\/\/noticias.virgendenazaret.org.pe\/#website"},"datePublished":"2023-04-18T04:41:44+00:00","dateModified":"2023-04-18T04:53:22+00:00","breadcrumb":{"@id":"https:\/\/noticias.virgendenazaret.org.pe\/?p=865#breadcrumb"},"inLanguage":"es","potentialAction":[{"@type":"ReadAction","target":["https:\/\/noticias.virgendenazaret.org.pe\/?p=865"]}]},{"@type":"BreadcrumbList","@id":"https:\/\/noticias.virgendenazaret.org.pe\/?p=865#breadcrumb","itemListElement":[{"@type":"ListItem","position":1,"name":"Portada","item":"https:\/\/noticias.virgendenazaret.org.pe\/"},{"@type":"ListItem","position":2,"name":"Despu\u00e9s de 4 a\u00f1os, vuelven los Exploradores de Cristo"}]},{"@type":"WebSite","@id":"https:\/\/noticias.virgendenazaret.org.pe\/#website","url":"https:\/\/noticias.virgendenazaret.org.pe\/","name":"Parroquia Virgen de Nazaret El Agustino","description":"Parroquia Virgen de Nazaret El Agustino","publisher":{"@id":"https:\/\/noticias.virgendenazaret.org.pe\/#organization"},"potentialAction":[{"@type":"SearchAction","target":{"@type":"EntryPoint","urlTemplate":"https:\/\/noticias.virgendenazaret.org.pe\/?s={search_term_string}"},"query-input":"required name=search_term_string"}],"inLanguage":"es"},{"@type":"Organization","@id":"https:\/\/noticias.virgendenazaret.org.pe\/#organization","name":"Parroquia Virgen de Nazaret El Agustino","url":"https:\/\/noticias.virgendenazaret.org.pe\/","logo":{"@type":"ImageObject","inLanguage":"es","@id":"https:\/\/noticias.virgendenazaret.org.pe\/#\/schema\/logo\/image\/","url":"https:\/\/noticias.virgendenazaret.org.pe\/wp-content\/uploads\/2023\/04\/cropped-logo-fondo-blanco.jpg","contentUrl":"https:\/\/noticias.virgendenazaret.org.pe\/wp-content\/uploads\/2023\/04\/cropped-logo-fondo-blanco.jpg","width":250,"height":93,"caption":"Parroquia Virgen de Nazaret El Agustino"},"image":{"@id":"https:\/\/noticias.virgendenazaret.org.pe\/#\/schema\/logo\/image\/"}},{"@type":"Person","@id":"https:\/\/noticias.virgendenazaret.org.pe\/#\/schema\/person\/e131954a863858d2c2f8d66e3e9fc0b8","name":"Comunicaciones Nazaret","image":{"@type":"ImageObject","inLanguage":"es","@id":"https:\/\/noticias.virgendenazaret.org.pe\/#\/schema\/person\/image\/","url":"https:\/\/secure.gravatar.com\/avatar\/702beaefd3e7cbc9e83b5ef279eb8738698b2a835fb307ac4262d8060c681649?s=96&d=mm&r=g","contentUrl":"https:\/\/secure.gravatar.com\/avatar\/702beaefd3e7cbc9e83b5ef279eb8738698b2a835fb307ac4262d8060c681649?s=96&d=mm&r=g","caption":"Comunicaciones Nazaret"},"url":"https:\/\/noticias.virgendenazaret.org.pe\/?author=2"}]}},"_links":{"self":[{"href":"https:\/\/noticias.virgendenazaret.org.pe\/index.php?rest_route=\/wp\/v2\/posts\/865","targetHints":{"allow":["GET"]}}],"collection":[{"href":"https:\/\/noticias.virgendenazaret.org.pe\/index.php?rest_route=\/wp\/v2\/posts"}],"about":[{"href":"https:\/\/noticias.virgendenazaret.org.pe\/index.php?rest_route=\/wp\/v2\/types\/post"}],"author":[{"embeddable":true,"href":"https:\/\/noticias.virgendenazaret.org.pe\/index.php?rest_route=\/wp\/v2\/users\/2"}],"replies":[{"embeddable":true,"href":"https:\/\/noticias.virgendenazaret.org.pe\/index.php?rest_route=%2Fwp%2Fv2%2Fcomments&post=865"}],"version-history":[{"count":4,"href":"https:\/\/noticias.virgendenazaret.org.pe\/index.php?rest_route=\/wp\/v2\/posts\/865\/revisions"}],"predecessor-version":[{"id":875,"href":"https:\/\/noticias.virgendenazaret.org.pe\/index.php?rest_route=\/wp\/v2\/posts\/865\/revisions\/875"}],"wp:featuredmedia":[{"embeddable":true,"href":"https:\/\/noticias.virgendenazaret.org.pe\/index.php?rest_route=\/wp\/v2\/media\/867"}],"wp:attachment":[{"href":"https:\/\/noticias.virgendenazaret.org.pe\/index.php?rest_route=%2Fwp%2Fv2%2Fmedia&parent=865"}],"wp:term":[{"taxonomy":"category","embeddable":true,"href":"https:\/\/noticias.virgendenazaret.org.pe\/index.php?rest_route=%2Fwp%2Fv2%2Fcategories&post=865"},{"taxonomy":"post_tag","embeddable":true,"href":"https:\/\/noticias.virgendenazaret.org.pe\/index.php?rest_route=%2Fwp%2Fv2%2Ftags&post=865"}],"curies":[{"name":"wp","href":"https:\/\/api.w.org\/{rel}","templated":true}]}}