{"id":949,"date":"2023-05-05T14:02:06","date_gmt":"2023-05-05T19:02:06","guid":{"rendered":"https:\/\/noticias.virgendenazaret.org.pe\/?p=949"},"modified":"2023-05-05T14:02:06","modified_gmt":"2023-05-05T19:02:06","slug":"parroquia-virgen-de-nazaret-acogio-a-mas-de-300-jovenes-en-el-ya-tradicional-fuego-fest","status":"publish","type":"post","link":"https:\/\/noticias.virgendenazaret.org.pe\/?p=949","title":{"rendered":"Parroquia Virgen de Nazaret acogi\u00f3 a m\u00e1s de 300 j\u00f3venes en el ya tradicional Fuego Fest"},"content":{"rendered":"<p>El Consejo de la Pastoral Juvenil de la Parroquia Virgen de Nazaret dio inicio a las celebraciones por Pentecost\u00e9s organizando el concierto Fuego Fest 2.0 el pasado 22 de abril con la presencia de m\u00e1s de 300 j\u00f3venes.<\/p>\n<p>El prop\u00f3sito de este evento es presentar nuestros dones a los dem\u00e1s de una manera divertida, innovadora y as\u00ed, poder integrarnos como comunidad para fomentar la participaci\u00f3n de j\u00f3venes de nuestra parroquia y de nuestro distrito El Agustino.<\/p>\n<p>En la fiesta de Pentecost\u00e9s celebramos la venida del Esp\u00edritu Santo sobre todos nosotros y su Iglesia que la renueva y la mantiene siempre joven. Este festival tuvo como objetivo el encuentro, el compartir, la amistad y la integraci\u00f3n de ser una parroquia que abre sus puertas con mucho amor a todas las personas.<\/p>\n<p>J\u00f3venes del colegio Fe y Alegr\u00eda N\u00b039 asistieron por segundo a\u00f1o consecutivo a nuestro festival donde cantaron al ritmo de Pau Garr\u00f3 y V\u00edctor Andrade, invitados especiales. Tambi\u00e9n se hicieron presentes j\u00f3venes danzantes de nuestra Capilla San Judas Tadeo y de la comunidad San Ignacio (zona norte de El Agustino), entre otros invitados, cerramos el festival con el Grupo Sin Fin que puso a bailar a m\u00e1s de 400 asistentes.<\/p>\n<p>Fuego Fest 2.0 fue un excelente espacio para poder brindar informaci\u00f3n sobre nuestros talleres pensados para j\u00f3venes de 15 a\u00f1os a m\u00e1s llamado: Estaci\u00f3nArte. La Pastoral Vocacional Jesuita tambi\u00e9n se hizo presente difundiendo su servicio al discernimiento vocacional de los j\u00f3venes con las comunidades comprometidas con el apostolado juvenil, talleres, retiros y m\u00e1s\u2026<\/p>\n<p>&nbsp;<\/p>\n<p><img loading=\"lazy\" decoding=\"async\" class=\"size-large wp-image-953 aligncenter\" src=\"https:\/\/noticias.virgendenazaret.org.pe\/wp-content\/uploads\/2023\/05\/3-1024x683.jpg\" alt=\"Parroquia Virgen de Nazaret El Agustino\" width=\"715\" height=\"477\" srcset=\"https:\/\/noticias.virgendenazaret.org.pe\/wp-content\/uploads\/2023\/05\/3-1024x683.jpg 1024w, https:\/\/noticias.virgendenazaret.org.pe\/wp-content\/uploads\/2023\/05\/3-300x200.jpg 300w, https:\/\/noticias.virgendenazaret.org.pe\/wp-content\/uploads\/2023\/05\/3-768x512.jpg 768w, https:\/\/noticias.virgendenazaret.org.pe\/wp-content\/uploads\/2023\/05\/3.jpg 1080w\" sizes=\"auto, (max-width: 715px) 100vw, 715px\" \/><\/p>\n<p>&nbsp;<\/p>\n<p><img loading=\"lazy\" decoding=\"async\" class=\"size-large wp-image-951 aligncenter\" src=\"https:\/\/noticias.virgendenazaret.org.pe\/wp-content\/uploads\/2023\/05\/1-1024x683.jpg\" alt=\"\" width=\"715\" height=\"477\" srcset=\"https:\/\/noticias.virgendenazaret.org.pe\/wp-content\/uploads\/2023\/05\/1-1024x683.jpg 1024w, https:\/\/noticias.virgendenazaret.org.pe\/wp-content\/uploads\/2023\/05\/1-300x200.jpg 300w, https:\/\/noticias.virgendenazaret.org.pe\/wp-content\/uploads\/2023\/05\/1-768x512.jpg 768w, https:\/\/noticias.virgendenazaret.org.pe\/wp-content\/uploads\/2023\/05\/1.jpg 1080w\" sizes=\"auto, (max-width: 715px) 100vw, 715px\" \/><\/p>\n<p>&nbsp;<\/p>\n<p><img loading=\"lazy\" decoding=\"async\" class=\"size-large wp-image-952 aligncenter\" src=\"https:\/\/noticias.virgendenazaret.org.pe\/wp-content\/uploads\/2023\/05\/2-1024x683.jpg\" alt=\"Parroquia Virgen de Nazaret El Agustino\" width=\"715\" height=\"477\" srcset=\"https:\/\/noticias.virgendenazaret.org.pe\/wp-content\/uploads\/2023\/05\/2-1024x683.jpg 1024w, https:\/\/noticias.virgendenazaret.org.pe\/wp-content\/uploads\/2023\/05\/2-300x200.jpg 300w, https:\/\/noticias.virgendenazaret.org.pe\/wp-content\/uploads\/2023\/05\/2-768x512.jpg 768w, https:\/\/noticias.virgendenazaret.org.pe\/wp-content\/uploads\/2023\/05\/2.jpg 1080w\" sizes=\"auto, (max-width: 715px) 100vw, 715px\" \/><\/p>\n<p>&nbsp;<\/p>\n<p><img loading=\"lazy\" decoding=\"async\" class=\"size-large wp-image-956 aligncenter\" src=\"https:\/\/noticias.virgendenazaret.org.pe\/wp-content\/uploads\/2023\/05\/7-1024x736.jpg\" alt=\"Parroquia Virgen de Nazaret El Agustino\" width=\"715\" height=\"514\" srcset=\"https:\/\/noticias.virgendenazaret.org.pe\/wp-content\/uploads\/2023\/05\/7-1024x736.jpg 1024w, https:\/\/noticias.virgendenazaret.org.pe\/wp-content\/uploads\/2023\/05\/7-300x216.jpg 300w, https:\/\/noticias.virgendenazaret.org.pe\/wp-content\/uploads\/2023\/05\/7-768x552.jpg 768w, https:\/\/noticias.virgendenazaret.org.pe\/wp-content\/uploads\/2023\/05\/7.jpg 1080w\" sizes=\"auto, (max-width: 715px) 100vw, 715px\" \/><\/p>\n<p>&nbsp;<\/p>\n<p><img loading=\"lazy\" decoding=\"async\" class=\"size-large wp-image-955 aligncenter\" src=\"https:\/\/noticias.virgendenazaret.org.pe\/wp-content\/uploads\/2023\/05\/6-683x1024.jpg\" alt=\"Parroquia Virgen de Nazaret El Agustino\" width=\"683\" height=\"1024\" srcset=\"https:\/\/noticias.virgendenazaret.org.pe\/wp-content\/uploads\/2023\/05\/6-683x1024.jpg 683w, https:\/\/noticias.virgendenazaret.org.pe\/wp-content\/uploads\/2023\/05\/6-200x300.jpg 200w, https:\/\/noticias.virgendenazaret.org.pe\/wp-content\/uploads\/2023\/05\/6-768x1152.jpg 768w, https:\/\/noticias.virgendenazaret.org.pe\/wp-content\/uploads\/2023\/05\/6-1024x1536.jpg 1024w, https:\/\/noticias.virgendenazaret.org.pe\/wp-content\/uploads\/2023\/05\/6.jpg 1080w\" sizes=\"auto, (max-width: 683px) 100vw, 683px\" \/><\/p>\n<p>&nbsp;<\/p>\n<p><img loading=\"lazy\" decoding=\"async\" class=\"size-large wp-image-954 aligncenter\" src=\"https:\/\/noticias.virgendenazaret.org.pe\/wp-content\/uploads\/2023\/05\/5-1024x693.jpg\" alt=\"Parroquia Virgen de Nazaret El Agustino\" width=\"715\" height=\"484\" srcset=\"https:\/\/noticias.virgendenazaret.org.pe\/wp-content\/uploads\/2023\/05\/5-1024x693.jpg 1024w, https:\/\/noticias.virgendenazaret.org.pe\/wp-content\/uploads\/2023\/05\/5-300x203.jpg 300w, https:\/\/noticias.virgendenazaret.org.pe\/wp-content\/uploads\/2023\/05\/5-768x520.jpg 768w, https:\/\/noticias.virgendenazaret.org.pe\/wp-content\/uploads\/2023\/05\/5.jpg 1080w\" sizes=\"auto, (max-width: 715px) 100vw, 715px\" \/><\/p>\n<p>&nbsp;<\/p>\n<p><img loading=\"lazy\" decoding=\"async\" class=\"size-large wp-image-957 aligncenter\" src=\"https:\/\/noticias.virgendenazaret.org.pe\/wp-content\/uploads\/2023\/05\/10-1024x683.jpg\" alt=\"Parroquia Virgen de Nazaret\" width=\"715\" height=\"477\" srcset=\"https:\/\/noticias.virgendenazaret.org.pe\/wp-content\/uploads\/2023\/05\/10-1024x683.jpg 1024w, https:\/\/noticias.virgendenazaret.org.pe\/wp-content\/uploads\/2023\/05\/10-300x200.jpg 300w, https:\/\/noticias.virgendenazaret.org.pe\/wp-content\/uploads\/2023\/05\/10-768x512.jpg 768w, https:\/\/noticias.virgendenazaret.org.pe\/wp-content\/uploads\/2023\/05\/10.jpg 1080w\" sizes=\"auto, (max-width: 715px) 100vw, 715px\" \/><\/p>\n<p>&nbsp;<\/p>\n<p><img loading=\"lazy\" decoding=\"async\" class=\"size-large wp-image-958 aligncenter\" src=\"https:\/\/noticias.virgendenazaret.org.pe\/wp-content\/uploads\/2023\/05\/8-1024x620.jpg\" alt=\"Parroquia Virgen de Nazaret\" width=\"715\" height=\"433\" srcset=\"https:\/\/noticias.virgendenazaret.org.pe\/wp-content\/uploads\/2023\/05\/8-1024x620.jpg 1024w, https:\/\/noticias.virgendenazaret.org.pe\/wp-content\/uploads\/2023\/05\/8-300x182.jpg 300w, https:\/\/noticias.virgendenazaret.org.pe\/wp-content\/uploads\/2023\/05\/8-768x465.jpg 768w, https:\/\/noticias.virgendenazaret.org.pe\/wp-content\/uploads\/2023\/05\/8.jpg 1080w\" sizes=\"auto, (max-width: 715px) 100vw, 715px\" \/><\/p>\n<p>&nbsp;<\/p>\n<p><img loading=\"lazy\" decoding=\"async\" class=\"size-large wp-image-959 aligncenter\" src=\"https:\/\/noticias.virgendenazaret.org.pe\/wp-content\/uploads\/2023\/05\/9-1024x725.jpg\" alt=\"Parroquia Virgen de Nazaret\" width=\"715\" height=\"506\" srcset=\"https:\/\/noticias.virgendenazaret.org.pe\/wp-content\/uploads\/2023\/05\/9-1024x725.jpg 1024w, https:\/\/noticias.virgendenazaret.org.pe\/wp-content\/uploads\/2023\/05\/9-300x213.jpg 300w, https:\/\/noticias.virgendenazaret.org.pe\/wp-content\/uploads\/2023\/05\/9-768x544.jpg 768w, https:\/\/noticias.virgendenazaret.org.pe\/wp-content\/uploads\/2023\/05\/9.jpg 1080w\" sizes=\"auto, (max-width: 715px) 100vw, 715px\" \/><\/p>\n","protected":false},"excerpt":{"rendered":"<p>El Consejo de la Pastoral Juvenil de la Parroquia Virgen de Nazaret dio inicio a las celebraciones por Pentecost\u00e9s organizando el concierto Fuego Fest<\/p>\n","protected":false},"author":2,"featured_media":950,"comment_status":"open","ping_status":"open","sticky":false,"template":"","format":"standard","meta":{"footnotes":""},"categories":[101],"tags":[],"class_list":["post-949","post","type-post","status-publish","format-standard","has-post-thumbnail","hentry","category-cpj"],"yoast_head":"<!-- This site is optimized with the Yoast SEO plugin v20.6 - https:\/\/yoast.com\/wordpress\/plugins\/seo\/ -->\n<title>Parroquia Virgen de Nazaret acogi\u00f3 a m\u00e1s de 300 j\u00f3venes en el ya tradicional Fuego Fest - Parroquia Virgen de Nazaret El Agustino<\/title>\n<meta name=\"robots\" content=\"index, follow, max-snippet:-1, max-image-preview:large, max-video-preview:-1\" \/>\n<link rel=\"canonical\" href=\"https:\/\/noticias.virgendenazaret.org.pe\/?p=949\" \/>\n<meta property=\"og:locale\" content=\"es_ES\" \/>\n<meta property=\"og:type\" content=\"article\" \/>\n<meta property=\"og:title\" content=\"Parroquia Virgen de Nazaret acogi\u00f3 a m\u00e1s de 300 j\u00f3venes en el ya tradicional Fuego Fest - Parroquia Virgen de Nazaret El Agustino\" \/>\n<meta property=\"og:description\" content=\"El Consejo de la Pastoral Juvenil de la Parroquia Virgen de Nazaret dio inicio a las celebraciones por Pentecost\u00e9s organizando el concierto Fuego Fest\" \/>\n<meta property=\"og:url\" content=\"https:\/\/noticias.virgendenazaret.org.pe\/?p=949\" \/>\n<meta property=\"og:site_name\" content=\"Parroquia Virgen de Nazaret El Agustino\" \/>\n<meta property=\"article:published_time\" content=\"2023-05-05T19:02:06+00:00\" \/>\n<meta property=\"og:image\" content=\"https:\/\/noticias.virgendenazaret.org.pe\/wp-content\/uploads\/2023\/05\/4.jpg\" \/>\n\t<meta property=\"og:image:width\" content=\"1080\" \/>\n\t<meta property=\"og:image:height\" content=\"720\" \/>\n\t<meta property=\"og:image:type\" content=\"image\/jpeg\" \/>\n<meta name=\"author\" content=\"Comunicaciones Nazaret\" \/>\n<meta name=\"twitter:card\" content=\"summary_large_image\" \/>\n<meta name=\"twitter:label1\" content=\"Escrito por\" \/>\n\t<meta name=\"twitter:data1\" content=\"Comunicaciones Nazaret\" \/>\n\t<meta name=\"twitter:label2\" content=\"Tiempo de lectura\" \/>\n\t<meta name=\"twitter:data2\" content=\"3 minutos\" \/>\n<script type=\"application\/ld+json\" class=\"yoast-schema-graph\">{\"@context\":\"https:\/\/schema.org\",\"@graph\":[{\"@type\":\"Article\",\"@id\":\"https:\/\/noticias.virgendenazaret.org.pe\/?p=949#article\",\"isPartOf\":{\"@id\":\"https:\/\/noticias.virgendenazaret.org.pe\/?p=949\"},\"author\":{\"name\":\"Comunicaciones Nazaret\",\"@id\":\"https:\/\/noticias.virgendenazaret.org.pe\/#\/schema\/person\/e131954a863858d2c2f8d66e3e9fc0b8\"},\"headline\":\"Parroquia Virgen de Nazaret acogi\u00f3 a m\u00e1s de 300 j\u00f3venes en el ya tradicional Fuego Fest\",\"datePublished\":\"2023-05-05T19:02:06+00:00\",\"dateModified\":\"2023-05-05T19:02:06+00:00\",\"mainEntityOfPage\":{\"@id\":\"https:\/\/noticias.virgendenazaret.org.pe\/?p=949\"},\"wordCount\":298,\"commentCount\":0,\"publisher\":{\"@id\":\"https:\/\/noticias.virgendenazaret.org.pe\/#organization\"},\"articleSection\":[\"CPJ\"],\"inLanguage\":\"es\",\"potentialAction\":[{\"@type\":\"CommentAction\",\"name\":\"Comment\",\"target\":[\"https:\/\/noticias.virgendenazaret.org.pe\/?p=949#respond\"]}]},{\"@type\":\"WebPage\",\"@id\":\"https:\/\/noticias.virgendenazaret.org.pe\/?p=949\",\"url\":\"https:\/\/noticias.virgendenazaret.org.pe\/?p=949\",\"name\":\"Parroquia Virgen de Nazaret acogi\u00f3 a m\u00e1s de 300 j\u00f3venes en el ya tradicional Fuego Fest - Parroquia Virgen de Nazaret El Agustino\",\"isPartOf\":{\"@id\":\"https:\/\/noticias.virgendenazaret.org.pe\/#website\"},\"datePublished\":\"2023-05-05T19:02:06+00:00\",\"dateModified\":\"2023-05-05T19:02:06+00:00\",\"breadcrumb\":{\"@id\":\"https:\/\/noticias.virgendenazaret.org.pe\/?p=949#breadcrumb\"},\"inLanguage\":\"es\",\"potentialAction\":[{\"@type\":\"ReadAction\",\"target\":[\"https:\/\/noticias.virgendenazaret.org.pe\/?p=949\"]}]},{\"@type\":\"BreadcrumbList\",\"@id\":\"https:\/\/noticias.virgendenazaret.org.pe\/?p=949#breadcrumb\",\"itemListElement\":[{\"@type\":\"ListItem\",\"position\":1,\"name\":\"Portada\",\"item\":\"https:\/\/noticias.virgendenazaret.org.pe\/\"},{\"@type\":\"ListItem\",\"position\":2,\"name\":\"Parroquia Virgen de Nazaret acogi\u00f3 a m\u00e1s de 300 j\u00f3venes en el ya tradicional Fuego Fest\"}]},{\"@type\":\"WebSite\",\"@id\":\"https:\/\/noticias.virgendenazaret.org.pe\/#website\",\"url\":\"https:\/\/noticias.virgendenazaret.org.pe\/\",\"name\":\"Parroquia Virgen de Nazaret El Agustino\",\"description\":\"Parroquia Virgen de Nazaret El Agustino\",\"publisher\":{\"@id\":\"https:\/\/noticias.virgendenazaret.org.pe\/#organization\"},\"potentialAction\":[{\"@type\":\"SearchAction\",\"target\":{\"@type\":\"EntryPoint\",\"urlTemplate\":\"https:\/\/noticias.virgendenazaret.org.pe\/?s={search_term_string}\"},\"query-input\":\"required name=search_term_string\"}],\"inLanguage\":\"es\"},{\"@type\":\"Organization\",\"@id\":\"https:\/\/noticias.virgendenazaret.org.pe\/#organization\",\"name\":\"Parroquia Virgen de Nazaret El Agustino\",\"url\":\"https:\/\/noticias.virgendenazaret.org.pe\/\",\"logo\":{\"@type\":\"ImageObject\",\"inLanguage\":\"es\",\"@id\":\"https:\/\/noticias.virgendenazaret.org.pe\/#\/schema\/logo\/image\/\",\"url\":\"https:\/\/noticias.virgendenazaret.org.pe\/wp-content\/uploads\/2023\/04\/cropped-logo-fondo-blanco.jpg\",\"contentUrl\":\"https:\/\/noticias.virgendenazaret.org.pe\/wp-content\/uploads\/2023\/04\/cropped-logo-fondo-blanco.jpg\",\"width\":250,\"height\":93,\"caption\":\"Parroquia Virgen de Nazaret El Agustino\"},\"image\":{\"@id\":\"https:\/\/noticias.virgendenazaret.org.pe\/#\/schema\/logo\/image\/\"}},{\"@type\":\"Person\",\"@id\":\"https:\/\/noticias.virgendenazaret.org.pe\/#\/schema\/person\/e131954a863858d2c2f8d66e3e9fc0b8\",\"name\":\"Comunicaciones Nazaret\",\"image\":{\"@type\":\"ImageObject\",\"inLanguage\":\"es\",\"@id\":\"https:\/\/noticias.virgendenazaret.org.pe\/#\/schema\/person\/image\/\",\"url\":\"https:\/\/secure.gravatar.com\/avatar\/702beaefd3e7cbc9e83b5ef279eb8738698b2a835fb307ac4262d8060c681649?s=96&d=mm&r=g\",\"contentUrl\":\"https:\/\/secure.gravatar.com\/avatar\/702beaefd3e7cbc9e83b5ef279eb8738698b2a835fb307ac4262d8060c681649?s=96&d=mm&r=g\",\"caption\":\"Comunicaciones Nazaret\"},\"url\":\"https:\/\/noticias.virgendenazaret.org.pe\/?author=2\"}]}<\/script>\n<!-- \/ Yoast SEO plugin. -->","yoast_head_json":{"title":"Parroquia Virgen de Nazaret acogi\u00f3 a m\u00e1s de 300 j\u00f3venes en el ya tradicional Fuego Fest - Parroquia Virgen de Nazaret El Agustino","robots":{"index":"index","follow":"follow","max-snippet":"max-snippet:-1","max-image-preview":"max-image-preview:large","max-video-preview":"max-video-preview:-1"},"canonical":"https:\/\/noticias.virgendenazaret.org.pe\/?p=949","og_locale":"es_ES","og_type":"article","og_title":"Parroquia Virgen de Nazaret acogi\u00f3 a m\u00e1s de 300 j\u00f3venes en el ya tradicional Fuego Fest - Parroquia Virgen de Nazaret El Agustino","og_description":"El Consejo de la Pastoral Juvenil de la Parroquia Virgen de Nazaret dio inicio a las celebraciones por Pentecost\u00e9s organizando el concierto Fuego Fest","og_url":"https:\/\/noticias.virgendenazaret.org.pe\/?p=949","og_site_name":"Parroquia Virgen de Nazaret El Agustino","article_published_time":"2023-05-05T19:02:06+00:00","og_image":[{"width":1080,"height":720,"url":"https:\/\/noticias.virgendenazaret.org.pe\/wp-content\/uploads\/2023\/05\/4.jpg","type":"image\/jpeg"}],"author":"Comunicaciones Nazaret","twitter_card":"summary_large_image","twitter_misc":{"Escrito por":"Comunicaciones Nazaret","Tiempo de lectura":"3 minutos"},"schema":{"@context":"https:\/\/schema.org","@graph":[{"@type":"Article","@id":"https:\/\/noticias.virgendenazaret.org.pe\/?p=949#article","isPartOf":{"@id":"https:\/\/noticias.virgendenazaret.org.pe\/?p=949"},"author":{"name":"Comunicaciones Nazaret","@id":"https:\/\/noticias.virgendenazaret.org.pe\/#\/schema\/person\/e131954a863858d2c2f8d66e3e9fc0b8"},"headline":"Parroquia Virgen de Nazaret acogi\u00f3 a m\u00e1s de 300 j\u00f3venes en el ya tradicional Fuego Fest","datePublished":"2023-05-05T19:02:06+00:00","dateModified":"2023-05-05T19:02:06+00:00","mainEntityOfPage":{"@id":"https:\/\/noticias.virgendenazaret.org.pe\/?p=949"},"wordCount":298,"commentCount":0,"publisher":{"@id":"https:\/\/noticias.virgendenazaret.org.pe\/#organization"},"articleSection":["CPJ"],"inLanguage":"es","potentialAction":[{"@type":"CommentAction","name":"Comment","target":["https:\/\/noticias.virgendenazaret.org.pe\/?p=949#respond"]}]},{"@type":"WebPage","@id":"https:\/\/noticias.virgendenazaret.org.pe\/?p=949","url":"https:\/\/noticias.virgendenazaret.org.pe\/?p=949","name":"Parroquia Virgen de Nazaret acogi\u00f3 a m\u00e1s de 300 j\u00f3venes en el ya tradicional Fuego Fest - Parroquia Virgen de Nazaret El Agustino","isPartOf":{"@id":"https:\/\/noticias.virgendenazaret.org.pe\/#website"},"datePublished":"2023-05-05T19:02:06+00:00","dateModified":"2023-05-05T19:02:06+00:00","breadcrumb":{"@id":"https:\/\/noticias.virgendenazaret.org.pe\/?p=949#breadcrumb"},"inLanguage":"es","potentialAction":[{"@type":"ReadAction","target":["https:\/\/noticias.virgendenazaret.org.pe\/?p=949"]}]},{"@type":"BreadcrumbList","@id":"https:\/\/noticias.virgendenazaret.org.pe\/?p=949#breadcrumb","itemListElement":[{"@type":"ListItem","position":1,"name":"Portada","item":"https:\/\/noticias.virgendenazaret.org.pe\/"},{"@type":"ListItem","position":2,"name":"Parroquia Virgen de Nazaret acogi\u00f3 a m\u00e1s de 300 j\u00f3venes en el ya tradicional Fuego Fest"}]},{"@type":"WebSite","@id":"https:\/\/noticias.virgendenazaret.org.pe\/#website","url":"https:\/\/noticias.virgendenazaret.org.pe\/","name":"Parroquia Virgen de Nazaret El Agustino","description":"Parroquia Virgen de Nazaret El Agustino","publisher":{"@id":"https:\/\/noticias.virgendenazaret.org.pe\/#organization"},"potentialAction":[{"@type":"SearchAction","target":{"@type":"EntryPoint","urlTemplate":"https:\/\/noticias.virgendenazaret.org.pe\/?s={search_term_string}"},"query-input":"required name=search_term_string"}],"inLanguage":"es"},{"@type":"Organization","@id":"https:\/\/noticias.virgendenazaret.org.pe\/#organization","name":"Parroquia Virgen de Nazaret El Agustino","url":"https:\/\/noticias.virgendenazaret.org.pe\/","logo":{"@type":"ImageObject","inLanguage":"es","@id":"https:\/\/noticias.virgendenazaret.org.pe\/#\/schema\/logo\/image\/","url":"https:\/\/noticias.virgendenazaret.org.pe\/wp-content\/uploads\/2023\/04\/cropped-logo-fondo-blanco.jpg","contentUrl":"https:\/\/noticias.virgendenazaret.org.pe\/wp-content\/uploads\/2023\/04\/cropped-logo-fondo-blanco.jpg","width":250,"height":93,"caption":"Parroquia Virgen de Nazaret El Agustino"},"image":{"@id":"https:\/\/noticias.virgendenazaret.org.pe\/#\/schema\/logo\/image\/"}},{"@type":"Person","@id":"https:\/\/noticias.virgendenazaret.org.pe\/#\/schema\/person\/e131954a863858d2c2f8d66e3e9fc0b8","name":"Comunicaciones Nazaret","image":{"@type":"ImageObject","inLanguage":"es","@id":"https:\/\/noticias.virgendenazaret.org.pe\/#\/schema\/person\/image\/","url":"https:\/\/secure.gravatar.com\/avatar\/702beaefd3e7cbc9e83b5ef279eb8738698b2a835fb307ac4262d8060c681649?s=96&d=mm&r=g","contentUrl":"https:\/\/secure.gravatar.com\/avatar\/702beaefd3e7cbc9e83b5ef279eb8738698b2a835fb307ac4262d8060c681649?s=96&d=mm&r=g","caption":"Comunicaciones Nazaret"},"url":"https:\/\/noticias.virgendenazaret.org.pe\/?author=2"}]}},"_links":{"self":[{"href":"https:\/\/noticias.virgendenazaret.org.pe\/index.php?rest_route=\/wp\/v2\/posts\/949","targetHints":{"allow":["GET"]}}],"collection":[{"href":"https:\/\/noticias.virgendenazaret.org.pe\/index.php?rest_route=\/wp\/v2\/posts"}],"about":[{"href":"https:\/\/noticias.virgendenazaret.org.pe\/index.php?rest_route=\/wp\/v2\/types\/post"}],"author":[{"embeddable":true,"href":"https:\/\/noticias.virgendenazaret.org.pe\/index.php?rest_route=\/wp\/v2\/users\/2"}],"replies":[{"embeddable":true,"href":"https:\/\/noticias.virgendenazaret.org.pe\/index.php?rest_route=%2Fwp%2Fv2%2Fcomments&post=949"}],"version-history":[{"count":1,"href":"https:\/\/noticias.virgendenazaret.org.pe\/index.php?rest_route=\/wp\/v2\/posts\/949\/revisions"}],"predecessor-version":[{"id":960,"href":"https:\/\/noticias.virgendenazaret.org.pe\/index.php?rest_route=\/wp\/v2\/posts\/949\/revisions\/960"}],"wp:featuredmedia":[{"embeddable":true,"href":"https:\/\/noticias.virgendenazaret.org.pe\/index.php?rest_route=\/wp\/v2\/media\/950"}],"wp:attachment":[{"href":"https:\/\/noticias.virgendenazaret.org.pe\/index.php?rest_route=%2Fwp%2Fv2%2Fmedia&parent=949"}],"wp:term":[{"taxonomy":"category","embeddable":true,"href":"https:\/\/noticias.virgendenazaret.org.pe\/index.php?rest_route=%2Fwp%2Fv2%2Fcategories&post=949"},{"taxonomy":"post_tag","embeddable":true,"href":"https:\/\/noticias.virgendenazaret.org.pe\/index.php?rest_route=%2Fwp%2Fv2%2Ftags&post=949"}],"curies":[{"name":"wp","href":"https:\/\/api.w.org\/{rel}","templated":true}]}}