{"id":988,"date":"2026-03-11T14:18:54","date_gmt":"2026-03-11T19:18:54","guid":{"rendered":"https:\/\/noticias.virgendenazaret.org.pe\/?p=988"},"modified":"2026-03-19T15:44:49","modified_gmt":"2026-03-19T20:44:49","slug":"con-fe-y-compromiso-catequistas-participaron-en-retiro-de-formacion-previo-al-programa-sacramental-2026","status":"publish","type":"post","link":"https:\/\/noticias.virgendenazaret.org.pe\/?p=988","title":{"rendered":"Con fe y Compromiso : Catequistas participaron en retiro de formaci\u00f3n previo al Programa Sacramental 2026"},"content":{"rendered":"<p><img loading=\"lazy\" decoding=\"async\" class=\"alignnone size-medium wp-image-995\" src=\"https:\/\/noticias.virgendenazaret.org.pe\/wp-content\/uploads\/2026\/03\/IMG_3087.jpg\" alt=\"\" width=\"1\" height=\"1\" \/>Este fin de semana se llev\u00f3 a cabo el Retiro de Catequistas en la casa de Retiro Villa Kostka \u2013 Jesuitas , un espacio de encuentro, formaci\u00f3n y reflexi\u00f3n que reuni\u00f3 a cerca de 30 j\u00f3venes y adultos de las comunidades San Judas Tadeo , San Cayetano , San Francisco Javier y San Ignacio comprometidos con la labor pastoral en la parroquia y sus capillas.<\/p>\n<p><img loading=\"lazy\" decoding=\"async\" class=\"alignnone size-medium wp-image-989\" src=\"https:\/\/noticias.virgendenazaret.org.pe\/wp-content\/uploads\/2026\/03\/IMG_3091.jpg\" alt=\"\" width=\"1\" height=\"1\" \/><br \/>\nDurante la jornada , los participantes vivieron momentos de oraci\u00f3n , din\u00e1micas grupales y espacios formativos orientados a fortalecer sus capacidades para transmitir el evangelio de manera creativa y cercana. Asimismo , recibieron herramientas pedag\u00f3gicas y pastorales para acompa\u00f1ar el proceso de formaci\u00f3n de ni\u00f1os, ni\u00f1as adolescentes y j\u00f3venes que se preparan para recibir los sacramentos.<\/p>\n<p>El retiro cont\u00f3 con la presencia del Padre Miguel Arrieta, junto al equipo pastoral\u00a0 Sonia Romero y Liz C\u00e1rdenas , quienes acompa\u00f1aron\u00a0 y guiaron a los catequistas en este proceso de preparaci\u00f3n previo al inicio de los programas sacramentales 2026.<\/p>\n<p>Este encuentro reafirma el compromiso de la comunidad con la formaci\u00f3n de catequistas que, desde su vocaci\u00f3n de servicio ,contin\u00faan trabajando por la evangelizaci\u00f3n y el acompa\u00f1amiento de las nuevas generaciones. <img loading=\"lazy\" decoding=\"async\" class=\"alignnone size-medium wp-image-989\" src=\"https:\/\/noticias.virgendenazaret.org.pe\/wp-content\/uploads\/2026\/03\/IMG_3091.jpg\" alt=\"\" width=\"1\" height=\"1\" \/><\/p>\n<p>&nbsp;<\/p>\n<p>&nbsp;<\/p>\n<p>&nbsp;<\/p>\n<p><img loading=\"lazy\" decoding=\"async\" class=\"alignnone size-medium wp-image-989\" src=\"https:\/\/noticias.virgendenazaret.org.pe\/wp-content\/uploads\/2026\/03\/IMG_3091.jpg\" alt=\"\" width=\"1\" height=\"1\" \/><\/p>\n","protected":false},"excerpt":{"rendered":"<p>Este fin de semana se llev\u00f3 a cabo el Retiro de Catequistas en la casa de Retiro Villa Kostka \u2013 Jesuitas , un espacio<\/p>\n","protected":false},"author":3,"featured_media":1026,"comment_status":"open","ping_status":"open","sticky":true,"template":"","format":"image","meta":{"footnotes":""},"categories":[106],"tags":[],"class_list":["post-988","post","type-post","status-publish","format-image","has-post-thumbnail","hentry","category-pastoral-juvenil","post_format-post-format-image"],"yoast_head":"<!-- This site is optimized with the Yoast SEO plugin v20.6 - https:\/\/yoast.com\/wordpress\/plugins\/seo\/ -->\n<title>Con fe y Compromiso : Catequistas participaron en retiro de formaci\u00f3n previo al Programa Sacramental 2026 - Parroquia Virgen de Nazaret El Agustino<\/title>\n<meta name=\"description\" content=\"Este fin de semana se llev\u00f3 a cabo el Retiro de Catequistas en la casa de Retiro Villa Kostka \u2013 Jesuitas , un espacio de encuentro, formaci\u00f3n y reflexi\u00f3n que reuni\u00f3 a cerca de 30 j\u00f3venes y adultos de las comunidades San Judas Tadeo , San Cayetano , San Francisco Javier y San Ignacio\u00a0 comprometidos con la labor pastoral en la parroquia y sus capillas. %\" \/>\n<meta name=\"robots\" content=\"index, follow, max-snippet:-1, max-image-preview:large, max-video-preview:-1\" \/>\n<link rel=\"canonical\" href=\"https:\/\/noticias.virgendenazaret.org.pe\/?p=988\" \/>\n<meta property=\"og:locale\" content=\"es_ES\" \/>\n<meta property=\"og:type\" content=\"article\" \/>\n<meta property=\"og:title\" content=\"Con fe y Compromiso : Catequistas participaron en retiro de formaci\u00f3n previo al Programa Sacramental 2026 - Parroquia Virgen de Nazaret El Agustino\" \/>\n<meta property=\"og:description\" content=\"Este fin de semana se llev\u00f3 a cabo el Retiro de Catequistas en la casa de Retiro Villa Kostka \u2013 Jesuitas , un espacio de encuentro, formaci\u00f3n y reflexi\u00f3n que reuni\u00f3 a cerca de 30 j\u00f3venes y adultos de las comunidades San Judas Tadeo , San Cayetano , San Francisco Javier y San Ignacio\u00a0 comprometidos con la labor pastoral en la parroquia y sus capillas. %\" \/>\n<meta property=\"og:url\" content=\"https:\/\/noticias.virgendenazaret.org.pe\/?p=988\" \/>\n<meta property=\"og:site_name\" content=\"Parroquia Virgen de Nazaret El Agustino\" \/>\n<meta property=\"article:published_time\" content=\"2026-03-11T19:18:54+00:00\" \/>\n<meta property=\"article:modified_time\" content=\"2026-03-19T20:44:49+00:00\" \/>\n<meta property=\"og:image\" content=\"https:\/\/noticias.virgendenazaret.org.pe\/wp-content\/uploads\/2026\/03\/IMG_3088-scaled.webp\" \/>\n\t<meta property=\"og:image:width\" content=\"2560\" \/>\n\t<meta property=\"og:image:height\" content=\"1920\" \/>\n\t<meta property=\"og:image:type\" content=\"image\/webp\" \/>\n<meta name=\"author\" content=\"Comunicacioness de Nazaret\" \/>\n<meta name=\"twitter:card\" content=\"summary_large_image\" \/>\n<meta name=\"twitter:label1\" content=\"Escrito por\" \/>\n\t<meta name=\"twitter:data1\" content=\"Comunicacioness de Nazaret\" \/>\n\t<meta name=\"twitter:label2\" content=\"Tiempo de lectura\" \/>\n\t<meta name=\"twitter:data2\" content=\"2 minutos\" \/>\n<script type=\"application\/ld+json\" class=\"yoast-schema-graph\">{\"@context\":\"https:\/\/schema.org\",\"@graph\":[{\"@type\":\"Article\",\"@id\":\"https:\/\/noticias.virgendenazaret.org.pe\/?p=988#article\",\"isPartOf\":{\"@id\":\"https:\/\/noticias.virgendenazaret.org.pe\/?p=988\"},\"author\":{\"name\":\"Comunicacioness de Nazaret\",\"@id\":\"https:\/\/noticias.virgendenazaret.org.pe\/#\/schema\/person\/18c7c015924bb1477ffffbbc5146a621\"},\"headline\":\"Con fe y Compromiso : Catequistas participaron en retiro de formaci\u00f3n previo al Programa Sacramental 2026\",\"datePublished\":\"2026-03-11T19:18:54+00:00\",\"dateModified\":\"2026-03-19T20:44:49+00:00\",\"mainEntityOfPage\":{\"@id\":\"https:\/\/noticias.virgendenazaret.org.pe\/?p=988\"},\"wordCount\":219,\"commentCount\":0,\"publisher\":{\"@id\":\"https:\/\/noticias.virgendenazaret.org.pe\/#organization\"},\"articleSection\":[\"Pastoral Juvenil\"],\"inLanguage\":\"es\",\"potentialAction\":[{\"@type\":\"CommentAction\",\"name\":\"Comment\",\"target\":[\"https:\/\/noticias.virgendenazaret.org.pe\/?p=988#respond\"]}]},{\"@type\":\"WebPage\",\"@id\":\"https:\/\/noticias.virgendenazaret.org.pe\/?p=988\",\"url\":\"https:\/\/noticias.virgendenazaret.org.pe\/?p=988\",\"name\":\"Con fe y Compromiso : Catequistas participaron en retiro de formaci\u00f3n previo al Programa Sacramental 2026 - Parroquia Virgen de Nazaret El Agustino\",\"isPartOf\":{\"@id\":\"https:\/\/noticias.virgendenazaret.org.pe\/#website\"},\"datePublished\":\"2026-03-11T19:18:54+00:00\",\"dateModified\":\"2026-03-19T20:44:49+00:00\",\"description\":\"Este fin de semana se llev\u00f3 a cabo el Retiro de Catequistas en la casa de Retiro Villa Kostka \u2013 Jesuitas , un espacio de encuentro, formaci\u00f3n y reflexi\u00f3n que reuni\u00f3 a cerca de 30 j\u00f3venes y adultos de las comunidades San Judas Tadeo , San Cayetano , San Francisco Javier y San Ignacio\u00a0 comprometidos con la labor pastoral en la parroquia y sus capillas. %\",\"breadcrumb\":{\"@id\":\"https:\/\/noticias.virgendenazaret.org.pe\/?p=988#breadcrumb\"},\"inLanguage\":\"es\",\"potentialAction\":[{\"@type\":\"ReadAction\",\"target\":[\"https:\/\/noticias.virgendenazaret.org.pe\/?p=988\"]}]},{\"@type\":\"BreadcrumbList\",\"@id\":\"https:\/\/noticias.virgendenazaret.org.pe\/?p=988#breadcrumb\",\"itemListElement\":[{\"@type\":\"ListItem\",\"position\":1,\"name\":\"Portada\",\"item\":\"https:\/\/noticias.virgendenazaret.org.pe\/\"},{\"@type\":\"ListItem\",\"position\":2,\"name\":\"Con fe y Compromiso : Catequistas participaron en retiro de formaci\u00f3n previo al Programa Sacramental 2026\"}]},{\"@type\":\"WebSite\",\"@id\":\"https:\/\/noticias.virgendenazaret.org.pe\/#website\",\"url\":\"https:\/\/noticias.virgendenazaret.org.pe\/\",\"name\":\"Parroquia Virgen de Nazaret El Agustino\",\"description\":\"Parroquia Virgen de Nazaret El Agustino\",\"publisher\":{\"@id\":\"https:\/\/noticias.virgendenazaret.org.pe\/#organization\"},\"potentialAction\":[{\"@type\":\"SearchAction\",\"target\":{\"@type\":\"EntryPoint\",\"urlTemplate\":\"https:\/\/noticias.virgendenazaret.org.pe\/?s={search_term_string}\"},\"query-input\":\"required name=search_term_string\"}],\"inLanguage\":\"es\"},{\"@type\":\"Organization\",\"@id\":\"https:\/\/noticias.virgendenazaret.org.pe\/#organization\",\"name\":\"Parroquia Virgen de Nazaret El Agustino\",\"url\":\"https:\/\/noticias.virgendenazaret.org.pe\/\",\"logo\":{\"@type\":\"ImageObject\",\"inLanguage\":\"es\",\"@id\":\"https:\/\/noticias.virgendenazaret.org.pe\/#\/schema\/logo\/image\/\",\"url\":\"https:\/\/noticias.virgendenazaret.org.pe\/wp-content\/uploads\/2023\/04\/cropped-logo-fondo-blanco.jpg\",\"contentUrl\":\"https:\/\/noticias.virgendenazaret.org.pe\/wp-content\/uploads\/2023\/04\/cropped-logo-fondo-blanco.jpg\",\"width\":250,\"height\":93,\"caption\":\"Parroquia Virgen de Nazaret El Agustino\"},\"image\":{\"@id\":\"https:\/\/noticias.virgendenazaret.org.pe\/#\/schema\/logo\/image\/\"}},{\"@type\":\"Person\",\"@id\":\"https:\/\/noticias.virgendenazaret.org.pe\/#\/schema\/person\/18c7c015924bb1477ffffbbc5146a621\",\"name\":\"Comunicacioness de Nazaret\",\"image\":{\"@type\":\"ImageObject\",\"inLanguage\":\"es\",\"@id\":\"https:\/\/noticias.virgendenazaret.org.pe\/#\/schema\/person\/image\/\",\"url\":\"https:\/\/secure.gravatar.com\/avatar\/74a239a961fa2c28634f483c83b27b4bbc27e71ed689ac98410e6072530e5f4c?s=96&d=mm&r=g\",\"contentUrl\":\"https:\/\/secure.gravatar.com\/avatar\/74a239a961fa2c28634f483c83b27b4bbc27e71ed689ac98410e6072530e5f4c?s=96&d=mm&r=g\",\"caption\":\"Comunicacioness de Nazaret\"},\"url\":\"https:\/\/noticias.virgendenazaret.org.pe\/?author=3\"}]}<\/script>\n<!-- \/ Yoast SEO plugin. -->","yoast_head_json":{"title":"Con fe y Compromiso : Catequistas participaron en retiro de formaci\u00f3n previo al Programa Sacramental 2026 - Parroquia Virgen de Nazaret El Agustino","description":"Este fin de semana se llev\u00f3 a cabo el Retiro de Catequistas en la casa de Retiro Villa Kostka \u2013 Jesuitas , un espacio de encuentro, formaci\u00f3n y reflexi\u00f3n que reuni\u00f3 a cerca de 30 j\u00f3venes y adultos de las comunidades San Judas Tadeo , San Cayetano , San Francisco Javier y San Ignacio\u00a0 comprometidos con la labor pastoral en la parroquia y sus capillas. %","robots":{"index":"index","follow":"follow","max-snippet":"max-snippet:-1","max-image-preview":"max-image-preview:large","max-video-preview":"max-video-preview:-1"},"canonical":"https:\/\/noticias.virgendenazaret.org.pe\/?p=988","og_locale":"es_ES","og_type":"article","og_title":"Con fe y Compromiso : Catequistas participaron en retiro de formaci\u00f3n previo al Programa Sacramental 2026 - Parroquia Virgen de Nazaret El Agustino","og_description":"Este fin de semana se llev\u00f3 a cabo el Retiro de Catequistas en la casa de Retiro Villa Kostka \u2013 Jesuitas , un espacio de encuentro, formaci\u00f3n y reflexi\u00f3n que reuni\u00f3 a cerca de 30 j\u00f3venes y adultos de las comunidades San Judas Tadeo , San Cayetano , San Francisco Javier y San Ignacio\u00a0 comprometidos con la labor pastoral en la parroquia y sus capillas. %","og_url":"https:\/\/noticias.virgendenazaret.org.pe\/?p=988","og_site_name":"Parroquia Virgen de Nazaret El Agustino","article_published_time":"2026-03-11T19:18:54+00:00","article_modified_time":"2026-03-19T20:44:49+00:00","og_image":[{"width":2560,"height":1920,"url":"https:\/\/noticias.virgendenazaret.org.pe\/wp-content\/uploads\/2026\/03\/IMG_3088-scaled.webp","type":"image\/webp"}],"author":"Comunicacioness de Nazaret","twitter_card":"summary_large_image","twitter_misc":{"Escrito por":"Comunicacioness de Nazaret","Tiempo de lectura":"2 minutos"},"schema":{"@context":"https:\/\/schema.org","@graph":[{"@type":"Article","@id":"https:\/\/noticias.virgendenazaret.org.pe\/?p=988#article","isPartOf":{"@id":"https:\/\/noticias.virgendenazaret.org.pe\/?p=988"},"author":{"name":"Comunicacioness de Nazaret","@id":"https:\/\/noticias.virgendenazaret.org.pe\/#\/schema\/person\/18c7c015924bb1477ffffbbc5146a621"},"headline":"Con fe y Compromiso : Catequistas participaron en retiro de formaci\u00f3n previo al Programa Sacramental 2026","datePublished":"2026-03-11T19:18:54+00:00","dateModified":"2026-03-19T20:44:49+00:00","mainEntityOfPage":{"@id":"https:\/\/noticias.virgendenazaret.org.pe\/?p=988"},"wordCount":219,"commentCount":0,"publisher":{"@id":"https:\/\/noticias.virgendenazaret.org.pe\/#organization"},"articleSection":["Pastoral Juvenil"],"inLanguage":"es","potentialAction":[{"@type":"CommentAction","name":"Comment","target":["https:\/\/noticias.virgendenazaret.org.pe\/?p=988#respond"]}]},{"@type":"WebPage","@id":"https:\/\/noticias.virgendenazaret.org.pe\/?p=988","url":"https:\/\/noticias.virgendenazaret.org.pe\/?p=988","name":"Con fe y Compromiso : Catequistas participaron en retiro de formaci\u00f3n previo al Programa Sacramental 2026 - Parroquia Virgen de Nazaret El Agustino","isPartOf":{"@id":"https:\/\/noticias.virgendenazaret.org.pe\/#website"},"datePublished":"2026-03-11T19:18:54+00:00","dateModified":"2026-03-19T20:44:49+00:00","description":"Este fin de semana se llev\u00f3 a cabo el Retiro de Catequistas en la casa de Retiro Villa Kostka \u2013 Jesuitas , un espacio de encuentro, formaci\u00f3n y reflexi\u00f3n que reuni\u00f3 a cerca de 30 j\u00f3venes y adultos de las comunidades San Judas Tadeo , San Cayetano , San Francisco Javier y San Ignacio\u00a0 comprometidos con la labor pastoral en la parroquia y sus capillas. %","breadcrumb":{"@id":"https:\/\/noticias.virgendenazaret.org.pe\/?p=988#breadcrumb"},"inLanguage":"es","potentialAction":[{"@type":"ReadAction","target":["https:\/\/noticias.virgendenazaret.org.pe\/?p=988"]}]},{"@type":"BreadcrumbList","@id":"https:\/\/noticias.virgendenazaret.org.pe\/?p=988#breadcrumb","itemListElement":[{"@type":"ListItem","position":1,"name":"Portada","item":"https:\/\/noticias.virgendenazaret.org.pe\/"},{"@type":"ListItem","position":2,"name":"Con fe y Compromiso : Catequistas participaron en retiro de formaci\u00f3n previo al Programa Sacramental 2026"}]},{"@type":"WebSite","@id":"https:\/\/noticias.virgendenazaret.org.pe\/#website","url":"https:\/\/noticias.virgendenazaret.org.pe\/","name":"Parroquia Virgen de Nazaret El Agustino","description":"Parroquia Virgen de Nazaret El Agustino","publisher":{"@id":"https:\/\/noticias.virgendenazaret.org.pe\/#organization"},"potentialAction":[{"@type":"SearchAction","target":{"@type":"EntryPoint","urlTemplate":"https:\/\/noticias.virgendenazaret.org.pe\/?s={search_term_string}"},"query-input":"required name=search_term_string"}],"inLanguage":"es"},{"@type":"Organization","@id":"https:\/\/noticias.virgendenazaret.org.pe\/#organization","name":"Parroquia Virgen de Nazaret El Agustino","url":"https:\/\/noticias.virgendenazaret.org.pe\/","logo":{"@type":"ImageObject","inLanguage":"es","@id":"https:\/\/noticias.virgendenazaret.org.pe\/#\/schema\/logo\/image\/","url":"https:\/\/noticias.virgendenazaret.org.pe\/wp-content\/uploads\/2023\/04\/cropped-logo-fondo-blanco.jpg","contentUrl":"https:\/\/noticias.virgendenazaret.org.pe\/wp-content\/uploads\/2023\/04\/cropped-logo-fondo-blanco.jpg","width":250,"height":93,"caption":"Parroquia Virgen de Nazaret El Agustino"},"image":{"@id":"https:\/\/noticias.virgendenazaret.org.pe\/#\/schema\/logo\/image\/"}},{"@type":"Person","@id":"https:\/\/noticias.virgendenazaret.org.pe\/#\/schema\/person\/18c7c015924bb1477ffffbbc5146a621","name":"Comunicacioness de Nazaret","image":{"@type":"ImageObject","inLanguage":"es","@id":"https:\/\/noticias.virgendenazaret.org.pe\/#\/schema\/person\/image\/","url":"https:\/\/secure.gravatar.com\/avatar\/74a239a961fa2c28634f483c83b27b4bbc27e71ed689ac98410e6072530e5f4c?s=96&d=mm&r=g","contentUrl":"https:\/\/secure.gravatar.com\/avatar\/74a239a961fa2c28634f483c83b27b4bbc27e71ed689ac98410e6072530e5f4c?s=96&d=mm&r=g","caption":"Comunicacioness de Nazaret"},"url":"https:\/\/noticias.virgendenazaret.org.pe\/?author=3"}]}},"_links":{"self":[{"href":"https:\/\/noticias.virgendenazaret.org.pe\/index.php?rest_route=\/wp\/v2\/posts\/988","targetHints":{"allow":["GET"]}}],"collection":[{"href":"https:\/\/noticias.virgendenazaret.org.pe\/index.php?rest_route=\/wp\/v2\/posts"}],"about":[{"href":"https:\/\/noticias.virgendenazaret.org.pe\/index.php?rest_route=\/wp\/v2\/types\/post"}],"author":[{"embeddable":true,"href":"https:\/\/noticias.virgendenazaret.org.pe\/index.php?rest_route=\/wp\/v2\/users\/3"}],"replies":[{"embeddable":true,"href":"https:\/\/noticias.virgendenazaret.org.pe\/index.php?rest_route=%2Fwp%2Fv2%2Fcomments&post=988"}],"version-history":[{"count":5,"href":"https:\/\/noticias.virgendenazaret.org.pe\/index.php?rest_route=\/wp\/v2\/posts\/988\/revisions"}],"predecessor-version":[{"id":998,"href":"https:\/\/noticias.virgendenazaret.org.pe\/index.php?rest_route=\/wp\/v2\/posts\/988\/revisions\/998"}],"wp:featuredmedia":[{"embeddable":true,"href":"https:\/\/noticias.virgendenazaret.org.pe\/index.php?rest_route=\/wp\/v2\/media\/1026"}],"wp:attachment":[{"href":"https:\/\/noticias.virgendenazaret.org.pe\/index.php?rest_route=%2Fwp%2Fv2%2Fmedia&parent=988"}],"wp:term":[{"taxonomy":"category","embeddable":true,"href":"https:\/\/noticias.virgendenazaret.org.pe\/index.php?rest_route=%2Fwp%2Fv2%2Fcategories&post=988"},{"taxonomy":"post_tag","embeddable":true,"href":"https:\/\/noticias.virgendenazaret.org.pe\/index.php?rest_route=%2Fwp%2Fv2%2Ftags&post=988"}],"curies":[{"name":"wp","href":"https:\/\/api.w.org\/{rel}","templated":true}]}}